{"id":978,"date":"2021-08-03T14:31:23","date_gmt":"2021-08-03T12:31:23","guid":{"rendered":"https:\/\/mernokvagyok.hu\/kozlekedesi\/?p=978"},"modified":"2021-08-03T14:31:23","modified_gmt":"2021-08-03T12:31:23","slug":"kerekparos-szakosztaly-tisztujitas","status":"publish","type":"post","link":"https:\/\/mernokvagyok.hu\/kozlekedesi\/kerekparos-szakosztaly-tisztujitas\/","title":{"rendered":"Ker\u00e9kp\u00e1ros Szakoszt\u00e1ly Tiszt\u00faj\u00edt\u00e1s"},"content":{"rendered":"\n<p>Kedves Tagt\u00e1rsam!<\/p>\n\n\n\n<p>A Magyar M\u00e9rn\u00f6ki Kamara K\u00f6zleked\u00e9si Tagozat\u00e1nak Ker\u00e9kp\u00e1ros Szakoszt\u00e1lya ez \u00e9v okt\u00f3ber\u00e9ben tiszt\u00faj\u00edt\u00f3 taggy\u0171l\u00e9st tart, melyen lej\u00e1r az eln\u00f6ks\u00e9g megb\u00edzat\u00e1sa, ez\u00e9rt \u00faj eln\u00f6k\u00f6t \u00e9s eln\u00f6ks\u00e9gi tagokat v\u00e1lasztunk.&nbsp;<\/p>\n\n\n\n<p>Az ebb\u0151l a c\u00e9lb\u00f3l szervezett jel\u00f6l\u0151 bizotts\u00e1g munk\u00e1j\u00e1nak koordin\u00e1l\u00e1s\u00e1ra engem Kiss K\u00e1rolyt k\u00e9rt fel a jelenlegi eln\u00f6ks\u00e9g.&nbsp;<\/p>\n\n\n\n<p><br>Ez\u00faton k\u00e9rem visszajelz\u00e9sed arr\u00f3l, ha \u00e9rzel magadban k\u00e9szs\u00e9get r\u00e9szt venni az \u00faj eln\u00f6ks\u00e9g munk\u00e1j\u00e1ban, vagy ismersz olyan akt\u00edv koll\u00e9g\u00e1t, akit sz\u00edvesen l\u00e1tn\u00e1l a szakoszt\u00e1ly eln\u00f6ks\u00e9g\u00e9ben.&nbsp;<\/p>\n\n\n\n<p>Az aj\u00e1nl\u00e1sokat 2021. augusztus 10-ig v\u00e1rjuk az aj\u00e1nlott tagt\u00e1rsunk\u00a0<\/p>\n\n\n\n<ul class=\"wp-block-list\"><li>neve,<\/li><li>telefonsz\u00e1ma, \u00e9s <\/li><li>e-mailc\u00edme<\/li><\/ul>\n\n\n\n<p>megad\u00e1s\u00e1val \u00e9s elk\u00fcld\u00e9s\u00e9vel a&nbsp;<a href=\"mailto:kiss.karoly@fomterv.hu\">kiss.karoly@fomterv.hu<\/a>&nbsp;emailc\u00edmre.<\/p>\n\n\n\n<p>\u00dcdv\u00f6zlettel:<\/p>\n\n\n\n<p>a jel\u00f6l\u0151bizotts\u00e1g r\u00e9sz\u00e9r\u0151l: Kiss K\u00e1roly&nbsp;<\/p>\n","protected":false},"excerpt":{"rendered":"<p>Kedves Tagt\u00e1rsam! A Magyar M\u00e9rn\u00f6ki Kamara K\u00f6zleked\u00e9si Tagozat\u00e1nak Ker\u00e9kp\u00e1ros Szakoszt\u00e1lya ez \u00e9v okt\u00f3ber\u00e9ben tiszt\u00faj\u00edt\u00f3 taggy\u0171l\u00e9st tart, melyen lej\u00e1r az eln\u00f6ks\u00e9g megb\u00edzat\u00e1sa, ez\u00e9rt \u00faj eln\u00f6k\u00f6t \u00e9s eln\u00f6ks\u00e9gi tagokat v\u00e1lasztunk.&nbsp; Az ebb\u0151l a c\u00e9lb\u00f3l szervezett jel\u00f6l\u0151 bizotts\u00e1g munk\u00e1j\u00e1nak koordin\u00e1l\u00e1s\u00e1ra engem Kiss K\u00e1rolyt k\u00e9rt fel a jelenlegi eln\u00f6ks\u00e9g.&nbsp; Ez\u00faton k\u00e9rem visszajelz\u00e9sed arr\u00f3l, ha \u00e9rzel magadban k\u00e9szs\u00e9get r\u00e9szt venni [&hellip;]<\/p>\n","protected":false},"author":873,"featured_media":0,"comment_status":"closed","ping_status":"closed","sticky":false,"template":"","format":"standard","meta":{"footnotes":""},"categories":[12],"tags":[],"class_list":["post-978","post","type-post","status-publish","format-standard","hentry","category-tagozati-hirek-esemenyek"],"_links":{"self":[{"href":"https:\/\/mernokvagyok.hu\/kozlekedesi\/wp-json\/wp\/v2\/posts\/978","targetHints":{"allow":["GET"]}}],"collection":[{"href":"https:\/\/mernokvagyok.hu\/kozlekedesi\/wp-json\/wp\/v2\/posts"}],"about":[{"href":"https:\/\/mernokvagyok.hu\/kozlekedesi\/wp-json\/wp\/v2\/types\/post"}],"author":[{"embeddable":true,"href":"https:\/\/mernokvagyok.hu\/kozlekedesi\/wp-json\/wp\/v2\/users\/873"}],"replies":[{"embeddable":true,"href":"https:\/\/mernokvagyok.hu\/kozlekedesi\/wp-json\/wp\/v2\/comments?post=978"}],"version-history":[{"count":1,"href":"https:\/\/mernokvagyok.hu\/kozlekedesi\/wp-json\/wp\/v2\/posts\/978\/revisions"}],"predecessor-version":[{"id":979,"href":"https:\/\/mernokvagyok.hu\/kozlekedesi\/wp-json\/wp\/v2\/posts\/978\/revisions\/979"}],"wp:attachment":[{"href":"https:\/\/mernokvagyok.hu\/kozlekedesi\/wp-json\/wp\/v2\/media?parent=978"}],"wp:term":[{"taxonomy":"category","embeddable":true,"href":"https:\/\/mernokvagyok.hu\/kozlekedesi\/wp-json\/wp\/v2\/categories?post=978"},{"taxonomy":"post_tag","embeddable":true,"href":"https:\/\/mernokvagyok.hu\/kozlekedesi\/wp-json\/wp\/v2\/tags?post=978"}],"curies":[{"name":"wp","href":"https:\/\/api.w.org\/{rel}","templated":true}]}}