{"id":906,"date":"2021-05-20T15:25:00","date_gmt":"2021-05-20T13:25:00","guid":{"rendered":"https:\/\/mernokvagyok.hu\/kozlekedesi\/?p=906"},"modified":"2021-06-11T15:29:50","modified_gmt":"2021-06-11T13:29:50","slug":"vasuti-targyu-jogszabalyok","status":"publish","type":"post","link":"https:\/\/mernokvagyok.hu\/kozlekedesi\/vasuti-targyu-jogszabalyok\/","title":{"rendered":"Vas\u00fati t\u00e1rgy\u00fa jogszab\u00e1lyok"},"content":{"rendered":"\n<ul class=\"wp-block-list\"><li>\u00c1tj\u00e1rhat\u00f3s\u00e1gi M\u0171szaki El\u0151\u00edr\u00e1sok gy\u0171jtm\u00e9nye minden EU \u00e1ltal haszn\u00e1lt hivatalos nyelven: <a href=\"https:\/\/www.era.europa.eu\/activities\/technical-specifications-interoperability_en\" target=\"_blank\" rel=\"noreferrer noopener\">https:\/\/www.era.europa.eu\/activities\/technical-specifications-interoperability_en<\/a><\/li><li>2005. \u00e9vi CLXXXIII. t\u00f6rv\u00e9ny a vas\u00fati k\u00f6zleked\u00e9sr\u0151l<\/li><li>20\/1984. (XII. 21.) KM rendelet az utak forgalomszab\u00e1lyoz\u00e1s\u00e1r\u00f3l \u00e9s a k\u00f6z\u00fati jelz\u00e9sek elhelyez\u00e9s\u00e9r\u0151l<\/li><li>e-vas\u00fat el\u0151\u00edr\u00e1s lista: <\/li><\/ul>\n\n\n\n<div class=\"wp-block-file\"><a href=\"https:\/\/mernokvagyok.hu\/kozlekedesi\/wp-content\/uploads\/2021\/06\/MAU\u0301T_new_old_evasut.pdf\">MAU\u0301T_new_old_evasut<\/a><a href=\"https:\/\/mernokvagyok.hu\/kozlekedesi\/wp-content\/uploads\/2021\/06\/MAU\u0301T_new_old_evasut.pdf\" class=\"wp-block-file__button\" download>Let\u00f6lt\u00e9s<\/a><\/div>\n\n\n\n<h3 class=\"has-black-color has-text-color wp-block-heading\">T\u00f6rv\u00e9nyek<\/h3>\n\n\n\n<p><a href=\"http:\/\/net.jogtar.hu\/jr\/gen\/hjegy_doc.cgi?docid=A0500183.TV\"><strong>2005. \u00e9vi CLXXXIII. t\u00f6rv\u00e9ny<\/strong> a vas\u00fati k\u00f6zleked\u00e9sr\u0151l<\/a><\/p>\n\n\n\n<p><a href=\"http:\/\/net.jogtar.hu\/jr\/gen\/hjegy_doc.cgi?docid=A0900133.TV\"><strong>2009. \u00e9vi CXXXIII. t\u00f6rv\u00e9ny<\/strong> a megfelel\u0151s\u00e9g\u00e9rt\u00e9kel\u0151 szervezetek tev\u00e9kenys\u00e9g\u00e9r\u0151l<\/a><\/p>\n\n\n\n<p><a href=\"http:\/\/net.jogtar.hu\/jr\/gen\/hjegy_doc.cgi?docid=A1500102.TV\"><strong>2015. \u00e9vi CII. t\u00f6rv\u00e9ny<\/strong> a vas\u00fatnak nem min\u0151s\u00fcl\u0151 egy\u00e9b k\u00f6t\u00f6ttp\u00e1ly\u00e1s k\u00f6zleked\u00e9sr\u0151l<\/a><\/p>\n\n\n\n<p><\/p>\n\n\n\n<h3 class=\"wp-block-heading\">Rendeletek<\/h3>\n\n\n\n<p><a href=\"http:\/\/net.jogtar.hu\/jr\/gen\/hjegy_doc.cgi?docid=98400020.KMB#lbj164id864d\"><strong>20\/1984. (XII. 21.) KM rendelet<\/strong> az utak forgalomszab\u00e1lyoz\u00e1s\u00e1r\u00f3l \u00e9s a k\u00f6z\u00fati jelz\u00e9sek elhelyez\u00e9s\u00e9r\u0151l<\/a><strong><\/strong><\/p>\n\n\n\n<p><a href=\"http:\/\/net.jogtar.hu\/jr\/gen\/hjegy_doc.cgi?docid=99800018.KHV\"><strong>18\/1998. (VII. 3.) KHVM rendelet<\/strong> az Orsz\u00e1gos Vas\u00fati Szab\u00e1lyzat II. k\u00f6tet\u00e9nek kiad\u00e1s\u00e1r\u00f3l<\/a><\/p>\n\n\n\n<p><strong><a href=\"https:\/\/njt.hu\/jogszabaly\/2003-103-20-0L\">103\/2003. (XII. 27.) GKM rendelet a hagyom\u00e1nyos vas\u00fati rendszerek k\u00f6lcs\u00f6n\u00f6s \u00e1tj\u00e1rhat\u00f3s\u00e1g\u00e1r\u00f3l (OVSZ)<\/a><\/strong><\/p>\n\n\n\n<p><a href=\"http:\/\/net.jogtar.hu\/jr\/gen\/hjegy_doc.cgi?docid=A0600072.GKM\"><strong>72\/2006. (IX. 29.) GKM rendelet <\/strong>a k\u00f6zleked\u00e9si hat\u00f3s\u00e1g \u00e1ltal v\u00e9gzett vas\u00fati hat\u00f3s\u00e1gi elj\u00e1r\u00e1sok igazgat\u00e1si szolg\u00e1ltat\u00e1si d\u00edjair\u00f3l<\/a><\/p>\n\n\n\n<p><a href=\"http:\/\/net.jogtar.hu\/jr\/gen\/hjegy_doc.cgi?docid=A1200289.KOR\"><strong>289\/2012. (X. 11.) Korm. rendelet <\/strong>a vas\u00fati \u00e9p\u00edtm\u00e9nyek \u00e9p\u00edt\u00e9s\u00fcgyi hat\u00f3s\u00e1gi enged\u00e9lyez\u00e9si elj\u00e1r\u00e1sainak r\u00e9szletes szab\u00e1lyair\u00f3l<\/a><\/p>\n\n\n\n<p><a href=\"http:\/\/net.jogtar.hu\/jr\/gen\/hjegy_doc.cgi?docid=A1200345.KOR#lbj13idce90\"><strong>345\/2012. (XII. 6.) Korm. rendelet <\/strong>egyes k\u00f6zleked\u00e9sfejleszt\u00e9si projektekkel \u00f6sszef\u00fcgg\u0151 k\u00f6zigazgat\u00e1si hat\u00f3s\u00e1gi \u00fcgyek nemzetgazdas\u00e1gi szempontb\u00f3l kiemelt jelent\u0151s\u00e9g\u0171 \u00fcggy\u00e9 nyilv\u00e1n\u00edt\u00e1s\u00e1r\u00f3l \u00e9s az elj\u00e1r\u00f3 hat\u00f3s\u00e1gok kijel\u00f6l\u00e9s\u00e9r\u0151l<\/a><\/p>\n\n\n\n<p><a href=\"http:\/\/net.jogtar.hu\/jr\/gen\/hjegy_doc.cgi?docid=A1600194.KOR&amp;timeshift=fffffff4&amp;txtreferer=00000001.TXT\"><strong>194\/2016. (VII. 13.) Korm. rendelet<\/strong> az orsz\u00e1gos vas\u00fati mell\u00e9kvonalak felsorol\u00e1s\u00e1r\u00f3l<\/a><\/p>\n\n\n\n<p><a href=\"http:\/\/net.jogtar.hu\/jr\/gen\/getdoc2.cgi?dbnum=1&amp;docid=A1600382.KOR\"><strong>382\/2016. (XII. 2.) Korm. rendelet <\/strong>a k\u00f6zleked\u00e9si igazgat\u00e1si feladatokkal \u00f6sszef\u00fcgg\u0151 hat\u00f3s\u00e1gi feladatokat ell\u00e1t\u00f3 szervek kijel\u00f6l\u00e9s\u00e9r\u0151l<\/a><\/p>\n\n\n\n<h3 class=\"wp-block-heading\"><strong>K\u00f6z\u00fati Villamos Vas\u00fati el\u0151\u00edr\u00e1sok gy\u0171jtem\u00e9nye<\/strong><\/h3>\n\n\n\n<p><a href=\"https:\/\/www.bkv.hu\/hu\/kozerdeku_adatok\/villamos_infrastruktura_tervezesi_iranyelvek_es_fenntartasi_adatok\/\">https:\/\/www.bkv.hu\/hu\/kozerdeku_adatok\/villamos_infrastruktura_tervezesi_iranyelvek_es_fenntartasi_adatok\/<\/a><\/p>\n\n\n\n<p><\/p>\n","protected":false},"excerpt":{"rendered":"<p>\u00c1tj\u00e1rhat\u00f3s\u00e1gi M\u0171szaki El\u0151\u00edr\u00e1sok gy\u0171jtm\u00e9nye minden EU \u00e1ltal haszn\u00e1lt hivatalos nyelven: https:\/\/www.era.europa.eu\/activities\/technical-specifications-interoperability_en 2005. \u00e9vi CLXXXIII. t\u00f6rv\u00e9ny a vas\u00fati k\u00f6zleked\u00e9sr\u0151l 20\/1984. (XII. 21.) KM rendelet az utak forgalomszab\u00e1lyoz\u00e1s\u00e1r\u00f3l \u00e9s a k\u00f6z\u00fati jelz\u00e9sek elhelyez\u00e9s\u00e9r\u0151l e-vas\u00fat el\u0151\u00edr\u00e1s lista: T\u00f6rv\u00e9nyek 2005. \u00e9vi CLXXXIII. t\u00f6rv\u00e9ny a vas\u00fati k\u00f6zleked\u00e9sr\u0151l 2009. \u00e9vi CXXXIII. t\u00f6rv\u00e9ny a megfelel\u0151s\u00e9g\u00e9rt\u00e9kel\u0151 szervezetek tev\u00e9kenys\u00e9g\u00e9r\u0151l 2015. \u00e9vi CII. t\u00f6rv\u00e9ny a [&hellip;]<\/p>\n","protected":false},"author":873,"featured_media":0,"comment_status":"closed","ping_status":"closed","sticky":false,"template":"","format":"standard","meta":{"footnotes":""},"categories":[108],"tags":[],"class_list":["post-906","post","type-post","status-publish","format-standard","hentry","category-szakmat-erinto-jogszabalyok"],"_links":{"self":[{"href":"https:\/\/mernokvagyok.hu\/kozlekedesi\/wp-json\/wp\/v2\/posts\/906","targetHints":{"allow":["GET"]}}],"collection":[{"href":"https:\/\/mernokvagyok.hu\/kozlekedesi\/wp-json\/wp\/v2\/posts"}],"about":[{"href":"https:\/\/mernokvagyok.hu\/kozlekedesi\/wp-json\/wp\/v2\/types\/post"}],"author":[{"embeddable":true,"href":"https:\/\/mernokvagyok.hu\/kozlekedesi\/wp-json\/wp\/v2\/users\/873"}],"replies":[{"embeddable":true,"href":"https:\/\/mernokvagyok.hu\/kozlekedesi\/wp-json\/wp\/v2\/comments?post=906"}],"version-history":[{"count":3,"href":"https:\/\/mernokvagyok.hu\/kozlekedesi\/wp-json\/wp\/v2\/posts\/906\/revisions"}],"predecessor-version":[{"id":916,"href":"https:\/\/mernokvagyok.hu\/kozlekedesi\/wp-json\/wp\/v2\/posts\/906\/revisions\/916"}],"wp:attachment":[{"href":"https:\/\/mernokvagyok.hu\/kozlekedesi\/wp-json\/wp\/v2\/media?parent=906"}],"wp:term":[{"taxonomy":"category","embeddable":true,"href":"https:\/\/mernokvagyok.hu\/kozlekedesi\/wp-json\/wp\/v2\/categories?post=906"},{"taxonomy":"post_tag","embeddable":true,"href":"https:\/\/mernokvagyok.hu\/kozlekedesi\/wp-json\/wp\/v2\/tags?post=906"}],"curies":[{"name":"wp","href":"https:\/\/api.w.org\/{rel}","templated":true}]}}