{"id":887,"date":"2021-07-08T16:18:00","date_gmt":"2021-07-08T14:18:00","guid":{"rendered":"https:\/\/mernokvagyok.hu\/kozlekedesi\/?p=887"},"modified":"2021-07-23T11:40:33","modified_gmt":"2021-07-23T09:40:33","slug":"xi-nemzetkozi-kozlekedestudomanyi-konferencia","status":"publish","type":"post","link":"https:\/\/mernokvagyok.hu\/kozlekedesi\/xi-nemzetkozi-kozlekedestudomanyi-konferencia\/","title":{"rendered":"XI. Nemzetk\u00f6zi K\u00f6zleked\u00e9studom\u00e1nyi Konferencia"},"content":{"rendered":"\n<p class=\"has-text-align-left\"><br>A Sz\u00e9chenyi Istv\u00e1n Egyetem K\u00f6zleked\u00e9si Tansz\u00e9ke \u00e9s a K\u00f6zleked\u00e9studom\u00e1nyi Egyes\u00fclet tisztelettel megh\u00edvja az MMK K\u00f6zleked\u00e9si Tagozat\u00e1nak tagjait a<br><br><strong>XI. Nemzetk\u00f6zi K\u00f6zleked\u00e9studom\u00e1nyi Konferenci<\/strong>\u00e1ra, <\/p>\n\n\n\n<p class=\"has-text-align-left\">mely <strong>2021. j\u00fanius 10-11.<\/strong>\u00a0 d\u00e1tummal, <strong>ONLINE<\/strong> m\u00f3don ker\u00fcl megrendez\u00e9sre.<\/p>\n\n\n\n<p>Tov\u00e1bbi inform\u00e1ci\u00f3k megtal\u00e1lhat\u00f3k a <a href=\"https:\/\/ko.sze.hu\/konf2021\">https:\/\/ko.sze.hu\/konf2021<\/a>&nbsp; \u00e9s a&nbsp; <a href=\"https:\/\/ktenet.hu\/\">https:\/\/ktenet.hu\/<\/a> weboldalakon.<\/p>\n\n\n\n<div class=\"wp-block-file\"><a href=\"https:\/\/mernokvagyok.hu\/kozlekedesi\/wp-content\/uploads\/2021\/06\/Meghi\u0301vo\u0301.pdf\">Meghi\u0301vo\u0301<\/a><a href=\"https:\/\/mernokvagyok.hu\/kozlekedesi\/wp-content\/uploads\/2021\/06\/Meghi\u0301vo\u0301.pdf\" class=\"wp-block-file__button\" download>Let\u00f6lt\u00e9s<\/a><\/div>\n\n\n\n<div class=\"wp-block-file\"><a href=\"https:\/\/mernokvagyok.hu\/kozlekedesi\/wp-content\/uploads\/2021\/06\/Program-CoTS_21.pdf\">Program-CoTS_21<\/a><a href=\"https:\/\/mernokvagyok.hu\/kozlekedesi\/wp-content\/uploads\/2021\/06\/Program-CoTS_21.pdf\" class=\"wp-block-file__button\" download>Let\u00f6lt\u00e9s<\/a><\/div>\n\n\n\n<div class=\"wp-block-file\"><a href=\"https:\/\/mernokvagyok.hu\/kozlekedesi\/wp-content\/uploads\/2021\/06\/Jelentkeze\u0301si_lap_Ko\u0308TuKo21_online_KTE.xlsx\">Jelentkeze\u0301si_lap_Ko\u0308TuKo21_online_KTE<\/a><a href=\"https:\/\/mernokvagyok.hu\/kozlekedesi\/wp-content\/uploads\/2021\/06\/Jelentkeze\u0301si_lap_Ko\u0308TuKo21_online_KTE.xlsx\" class=\"wp-block-file__button\" download>Let\u00f6lt\u00e9s<\/a><\/div>\n","protected":false},"excerpt":{"rendered":"<p>A Sz\u00e9chenyi Istv\u00e1n Egyetem K\u00f6zleked\u00e9si Tansz\u00e9ke \u00e9s a K\u00f6zleked\u00e9studom\u00e1nyi Egyes\u00fclet tisztelettel megh\u00edvja az MMK K\u00f6zleked\u00e9si Tagozat\u00e1nak tagjait a XI. Nemzetk\u00f6zi K\u00f6zleked\u00e9studom\u00e1nyi Konferenci\u00e1ra, mely 2021. j\u00fanius 10-11.\u00a0 d\u00e1tummal, ONLINE m\u00f3don ker\u00fcl megrendez\u00e9sre. Tov\u00e1bbi inform\u00e1ci\u00f3k megtal\u00e1lhat\u00f3k a https:\/\/ko.sze.hu\/konf2021&nbsp; \u00e9s a&nbsp; https:\/\/ktenet.hu\/ weboldalakon.<\/p>\n","protected":false},"author":873,"featured_media":0,"comment_status":"closed","ping_status":"closed","sticky":false,"template":"","format":"standard","meta":{"footnotes":""},"categories":[11],"tags":[],"class_list":["post-887","post","type-post","status-publish","format-standard","hentry","category-szakmai-konferenciak-esemenyek"],"_links":{"self":[{"href":"https:\/\/mernokvagyok.hu\/kozlekedesi\/wp-json\/wp\/v2\/posts\/887","targetHints":{"allow":["GET"]}}],"collection":[{"href":"https:\/\/mernokvagyok.hu\/kozlekedesi\/wp-json\/wp\/v2\/posts"}],"about":[{"href":"https:\/\/mernokvagyok.hu\/kozlekedesi\/wp-json\/wp\/v2\/types\/post"}],"author":[{"embeddable":true,"href":"https:\/\/mernokvagyok.hu\/kozlekedesi\/wp-json\/wp\/v2\/users\/873"}],"replies":[{"embeddable":true,"href":"https:\/\/mernokvagyok.hu\/kozlekedesi\/wp-json\/wp\/v2\/comments?post=887"}],"version-history":[{"count":5,"href":"https:\/\/mernokvagyok.hu\/kozlekedesi\/wp-json\/wp\/v2\/posts\/887\/revisions"}],"predecessor-version":[{"id":956,"href":"https:\/\/mernokvagyok.hu\/kozlekedesi\/wp-json\/wp\/v2\/posts\/887\/revisions\/956"}],"wp:attachment":[{"href":"https:\/\/mernokvagyok.hu\/kozlekedesi\/wp-json\/wp\/v2\/media?parent=887"}],"wp:term":[{"taxonomy":"category","embeddable":true,"href":"https:\/\/mernokvagyok.hu\/kozlekedesi\/wp-json\/wp\/v2\/categories?post=887"},{"taxonomy":"post_tag","embeddable":true,"href":"https:\/\/mernokvagyok.hu\/kozlekedesi\/wp-json\/wp\/v2\/tags?post=887"}],"curies":[{"name":"wp","href":"https:\/\/api.w.org\/{rel}","templated":true}]}}