{"id":684,"date":"2021-06-08T07:42:10","date_gmt":"2021-06-08T05:42:10","guid":{"rendered":"https:\/\/mernokvagyok.hu\/kozlekedesi\/?p=684"},"modified":"2021-06-08T07:42:10","modified_gmt":"2021-06-08T05:42:10","slug":"budapesti-agglomeracios-vasuti-strategia","status":"publish","type":"post","link":"https:\/\/mernokvagyok.hu\/kozlekedesi\/budapesti-agglomeracios-vasuti-strategia\/","title":{"rendered":"Budapesti agglomer\u00e1ci\u00f3s vas\u00fati strat\u00e9gia"},"content":{"rendered":"\n<p>A Budapesti Agglomer\u00e1ci\u00f3s Vas\u00fati Strat\u00e9gia (BAVS) k\u00e9sz\u00edt\u00e9se az Eur\u00f3pai Uni\u00f3<br>t\u00e1mogat\u00e1s\u00e1val, a 2016-HU-TMC-0319-S sz. CEF projekt keret\u00e9ben, az Eur\u00f3pai<br>H\u00e1l\u00f3zatfinansz\u00edroz\u00e1si Eszk\u00f6z t\u00e1mogat\u00e1s\u00e1val val\u00f3sult meg. A BAVS-t ny\u00edlt k\u00f6zbeszerz\u00e9si<br>elj\u00e1r\u00e1s (2018\/S 075-167058) eredm\u00e9nyek\u00e9nt a TRENECON Kft., a F\u0150MTERV Zrt. \u00e9s a KTI<br>Nonprofit Kft. \u00e1ltal alkotott konzorcium dolgozta ki.<\/p>\n\n\n\n<p>A BAVS olyan \u00e1gazati strat\u00e9gia, amelyhez a 2\/2005. (I. 11.) Korm. rendelet Strat\u00e9giai<br>K\u00f6rnyezeti Vizsg\u00e1lat (SKV) k\u00e9sz\u00edt\u00e9s\u00e9t is el\u0151\u00edrta.<br>Az EU m\u00f3dszertani el\u0151\u00edr\u00e1sok be\u00e9p\u00edt\u00e9s\u00e9nek \u00e9rdek\u00e9ben JASPERS szak\u00e9rt\u0151k is r\u00e9szt vettek a<br>Strat\u00e9gia \u00e9s a k\u00f6rnyezeti \u00e9rt\u00e9kel\u00e9s szempontjainak kidolgoz\u00e1s\u00e1ban.<br>A BAVS minden munkafolyamat\u00e1ban vizsg\u00e1lta a fenntarthat\u00f3s\u00e1gi- illetve k\u00f6rnyezetv\u00e9delmi<br>szempontok \u00e9rv\u00e9nyes\u00fcl\u00e9s\u00e9t. A k\u00f6rnyezeti \u00e9rt\u00e9kel\u00e9s be\u00e9p\u00fcl\u00e9se biztos\u00edtja, hogy csak olyan<br>int\u00e9zked\u00e9sek legyenek elfogadva, melyek k\u00f6rnyezetileg is \u00e9rt\u00e9ket teremtenek \u00e9s \u00f3vnak.<\/p>\n\n\n\n<h3 class=\"wp-block-heading\">A BAVS tartalma<\/h3>\n\n\n\n<p>A Budapesti Agglomer\u00e1ci\u00f3s Vas\u00fati Strat\u00e9gia arra v\u00e1llalkozik, hogy strat\u00e9giai szint\u0171<br>javaslatot adjon az \u00e1tj\u00e1rhat\u00f3s\u00e1gi neh\u00e9zs\u00e9gek miatt l\u00e9trej\u00f6tt utas- \u00e9s teherforgalmi sz\u0171k<br>keresztmetszetek felold\u00e1s\u00e1ra. A Strat\u00e9gia a budapesti vas\u00fatfejleszt\u00e9sek c\u00e9ljainak \u00e9s<br>int\u00e9zked\u00e9seinek levezet\u00e9se mellett a vas\u00fat \u00e9s v\u00e1ros kapcsolat\u00e1nak r\u00f6vid le\u00edr\u00e1s\u00e1t, a t\u00e1vlati<br>megold\u00e1s bemutat\u00e1s\u00e1t is tartalmazza, mely alapj\u00e1n azonos\u00edthat\u00f3k lesznek a j\u00f6v\u0151beni<br>fejleszt\u00e9si projektek \u00e9s int\u00e9zm\u00e9nyi v\u00e1ltoztat\u00e1si ig\u00e9nyek.<\/p>\n\n\n\n<p>Ismerje meg a teljes dokumentumot: <a href=\"https:\/\/budapestvasut2040.hu\/strategia\/\" target=\"_blank\" rel=\"noreferrer noopener\">https:\/\/budapestvasut2040.hu\/strategia\/<\/a><\/p>\n\n\n\n<p>Tov\u00e1bbi inform\u00e1ci\u00f3 a projekt honlapj\u00e1n: <a href=\"https:\/\/budapestvasut2040.hu\/\" target=\"_blank\" rel=\"noreferrer noopener\">https:\/\/budapestvasut2040.hu\/<\/a><\/p>\n\n\n\n<p><\/p>\n","protected":false},"excerpt":{"rendered":"<p>A Budapesti Agglomer\u00e1ci\u00f3s Vas\u00fati Strat\u00e9gia (BAVS) k\u00e9sz\u00edt\u00e9se az Eur\u00f3pai Uni\u00f3t\u00e1mogat\u00e1s\u00e1val, a 2016-HU-TMC-0319-S sz. CEF projekt keret\u00e9ben, az Eur\u00f3paiH\u00e1l\u00f3zatfinansz\u00edroz\u00e1si Eszk\u00f6z t\u00e1mogat\u00e1s\u00e1val val\u00f3sult meg. A BAVS-t ny\u00edlt k\u00f6zbeszerz\u00e9sielj\u00e1r\u00e1s (2018\/S 075-167058) eredm\u00e9nyek\u00e9nt a TRENECON Kft., a F\u0150MTERV Zrt. \u00e9s a KTINonprofit Kft. \u00e1ltal alkotott konzorcium dolgozta ki. A BAVS olyan \u00e1gazati strat\u00e9gia, amelyhez a 2\/2005. (I. 11.) Korm. [&hellip;]<\/p>\n","protected":false},"author":873,"featured_media":0,"comment_status":"closed","ping_status":"closed","sticky":false,"template":"","format":"standard","meta":{"footnotes":""},"categories":[18],"tags":[],"class_list":["post-684","post","type-post","status-publish","format-standard","hentry","category-agazati-strategiak-fejlesztesi-tervek"],"_links":{"self":[{"href":"https:\/\/mernokvagyok.hu\/kozlekedesi\/wp-json\/wp\/v2\/posts\/684","targetHints":{"allow":["GET"]}}],"collection":[{"href":"https:\/\/mernokvagyok.hu\/kozlekedesi\/wp-json\/wp\/v2\/posts"}],"about":[{"href":"https:\/\/mernokvagyok.hu\/kozlekedesi\/wp-json\/wp\/v2\/types\/post"}],"author":[{"embeddable":true,"href":"https:\/\/mernokvagyok.hu\/kozlekedesi\/wp-json\/wp\/v2\/users\/873"}],"replies":[{"embeddable":true,"href":"https:\/\/mernokvagyok.hu\/kozlekedesi\/wp-json\/wp\/v2\/comments?post=684"}],"version-history":[{"count":1,"href":"https:\/\/mernokvagyok.hu\/kozlekedesi\/wp-json\/wp\/v2\/posts\/684\/revisions"}],"predecessor-version":[{"id":686,"href":"https:\/\/mernokvagyok.hu\/kozlekedesi\/wp-json\/wp\/v2\/posts\/684\/revisions\/686"}],"wp:attachment":[{"href":"https:\/\/mernokvagyok.hu\/kozlekedesi\/wp-json\/wp\/v2\/media?parent=684"}],"wp:term":[{"taxonomy":"category","embeddable":true,"href":"https:\/\/mernokvagyok.hu\/kozlekedesi\/wp-json\/wp\/v2\/categories?post=684"},{"taxonomy":"post_tag","embeddable":true,"href":"https:\/\/mernokvagyok.hu\/kozlekedesi\/wp-json\/wp\/v2\/tags?post=684"}],"curies":[{"name":"wp","href":"https:\/\/api.w.org\/{rel}","templated":true}]}}