{"id":487,"date":"2012-07-18T20:33:00","date_gmt":"2012-07-18T18:33:00","guid":{"rendered":"https:\/\/mernokvagyok.hu\/kozlekedesi\/?p=487"},"modified":"2021-06-08T13:38:36","modified_gmt":"2021-06-08T11:38:36","slug":"dr-paradi-ferenc","status":"publish","type":"post","link":"https:\/\/mernokvagyok.hu\/kozlekedesi\/dr-paradi-ferenc\/","title":{"rendered":"Dr. Par\u00e1di Ferenc"},"content":{"rendered":"\n<div class=\"wp-block-image\"><figure class=\"aligncenter size-large is-resized\"><img fetchpriority=\"high\" decoding=\"async\" src=\"https:\/\/mernokvagyok.hu\/kozlekedesi\/wp-content\/uploads\/2021\/04\/Dr_Paradi_Ferenc.jpeg\" alt=\"\" class=\"wp-image-488\" width=\"345\" height=\"234\" \/><figcaption><strong>Dr. Par\u00e1di Ferenc<\/strong><br>1949-2012<\/figcaption><\/figure><\/div>\n\n\n\n<p>Dr. Par\u00e1di Ferenc 1949-ben sz\u00fcletett. A Budapesti M\u0171szaki Egyetem K\u00f6zleked\u00e9sm\u00e9rn\u00f6ki Kar\u00e1n szerzett diplom\u00e1t 1972-ben, ezt k\u00f6vet\u0151en els\u0151 munk\u00e1ltat\u00f3ja a Budapesti M\u0171szaki Egyetem volt, ahol megkezdte oktat\u00f3i \u00e9s tudom\u00e1nyos tev\u00e9kenys\u00e9g\u00e9t. Tan\u00e1rseg\u00e9dk\u00e9nt indult, \u00e9s a K\u00f6zleked\u00e9si Automatiz\u00e1l\u00e1si Tansz\u00e9k docensek\u00e9nt ment nyugd\u00edjba. Az oktat\u00e1son k\u00edv\u00fcl rendk\u00edv\u00fcl sok m\u0171szaki, tudom\u00e1nyos munk\u00e1ja jelent meg a szakmai lapokban. 1991-ben a Drezdai K\u00f6zleked\u00e9si Egyetemen Dr.-Ing. tudom\u00e1nyos fokozatot szerzett, amelyet Magyarorsz\u00e1gon \u201ea m\u0171szaki tudom\u00e1nyok kandid\u00e1tusa\u201d tudom\u00e1nyos c\u00edmk\u00e9nt honos\u00edtottak.1995-ben a BME-n PhD tudom\u00e1nyos fokozatot nyert el.<\/p>\n\n\n\n<p>A 90-es \u00e9vek elej\u00e9n k\u00e9t m\u00e9rn\u00f6kt\u00e1rs\u00e1val egy\u00fctt megalak\u00edtotta a Tran-Sys Rendszertechnikai Kft.-t, amelynek hal\u00e1l\u00e1ig \u00fcgyvezet\u0151 igazgat\u00f3ja volt. Kiemelked\u0151 m\u0171szaki, tudom\u00e1nyos ismeretei \u00e9s n\u00e9met, valamint angol nyelvismerete r\u00e9v\u00e9n a nyugati piacokon \u2013 f\u0151leg a n\u00e9met nyelvter\u00fcleteken \u2013 is elismer\u00e9st szerzett. A Tran-Sys Kft. a Vossloh IT-vel egy\u00fcttm\u0171k\u00f6dve nyugaton a vas\u00fati biztos\u00edt\u00f3berendez\u00e9sek m\u0171k\u00f6d\u00e9s\u00e9vel \u00f6sszef\u00fcgg\u0151 szimul\u00e1ci\u00f3s szoftverek kifejleszt\u00e9s\u00e9ben m\u00e1ra piacvezet\u0151 c\u00e9gg\u00e9 fejl\u0151d\u00f6tt. Ezek a szoftverek alkalmasak a r\u00e9gebbi jelfog\u00f3s, de a korszer\u0171 elektronikus biztos\u00edt\u00f3berendez\u00e9sek m\u0171k\u00f6d\u00e9s\u00e9nek szimul\u00e1ci\u00f3j\u00e1ra is. A fenti m\u0171szaki sikerek el\u00e9r\u00e9s\u00e9ben dr. Par\u00e1di Ferencnek mint igazgat\u00f3nak vezet\u0151 szerepe van.<\/p>\n\n\n\n<p>A Magyar M\u00e9rn\u00f6ki Kamar\u00e1nak megalakul\u00e1s\u00e1t\u00f3l kezdve tagja. Vas\u00fati biztos\u00edt\u00f3berendez\u00e9si szakter\u00fcleten tervez\u0151i \u00e9s szak\u00e9rt\u0151i jogosults\u00e1ggal rendelkezett. A K\u00f6zleked\u00e9si Tagozat Vas\u00fati Szakoszt\u00e1ly\u00e1nak alap\u00edt\u00f3 eln\u00f6ke. A Vas\u00fati Szakoszt\u00e1ly minden \u00e9vben legal\u00e1bb egy vagy k\u00e9t, orsz\u00e1gos \u00e9rdekl\u0151d\u00e9st kiv\u00e1lt\u00f3 szakmai rendezv\u00e9nyt szervez, amelyek r\u00e9sztvev\u0151inek sz\u00e1ma 70 \u00e9s 250 f\u0151 k\u00f6z\u00f6tt mozog. Ezeken a szakmai napokon az egyes t\u00e9m\u00e1k szerinti legismertebb k\u00fclf\u00f6ldi \u00e9s hazai szakemberek tartanak el\u0151ad\u00e1sokat. A rendezv\u00e9nyeken k\u00edv\u00fcl egyes szakmai t\u00e9m\u00e1kat (vas\u00fati szakemberek ut\u00e1np\u00f3tl\u00e1sa, Orsz\u00e1gos Vas\u00fati Szab\u00e1lyzat II. \u00e1tdolgoz\u00e1sa, kamarai vizsg\u00e1k vas\u00fati anyagainak \u00f6ssze\u00e1ll\u00edt\u00e1sa stb.) is kidolgoznak a Vas\u00fati Szakoszt\u00e1lyban. A fentieken t\u00fal az ut\u00f3bbi id\u0151ben havi rendszeress\u00e9ggel egy-egy sz\u0171kebb k\u00f6r\u0171 szakmai t\u00e9m\u00e1ban is vannak rendezv\u00e9nyek a Vas\u00fati Szakoszt\u00e1ly szervez\u00e9s\u00e9ben, ezekr\u0151l a M\u00e9rn\u00f6k \u00dajs\u00e1gban rendszeresen tud\u00f3s\u00edt\u00e1sok olvashat\u00f3k.<\/p>\n\n\n\n<p>2006-ban szakmai \u00e9s kamarai tev\u00e9kenys\u00e9g\u00e9nek elismer\u00e9sek\u00e9nt a Magyar M\u00e9rn\u00f6ki Kamara eln\u00f6ks\u00e9ge Zielinski-d\u00edjjal t\u00fcntette ki dr. Par\u00e1di Ferencet. \u00d6nzetlens\u00e9g\u00e9re jellemz\u0151, hogy a d\u00edjjal j\u00e1r\u00f3 p\u00e9nzjutalmat a Vas\u00fati Szakoszt\u00e1ly \u00e1ltal ki\u00edrt diplomap\u00e1ly\u00e1zatok d\u00edjaz\u00e1s\u00e1ra aj\u00e1nlotta fel.<br>Vas\u00fati szakter\u00fcleten kezdem\u00e9nyezte a tervez\u0151i jogosults\u00e1gok meghat\u00e1roz\u00e1s\u00e1nak fel\u00fclvizsg\u00e1lat\u00e1t (a Magyar M\u00e9rn\u00f6ki Kamara Orsz\u00e1gos eln\u00f6ks\u00e9ge a mai napig nem foglalkozott \u00e9rdemben a k\u00e9rd\u00e9ssel). Mesteriskola ind\u00edt\u00e1s\u00e1t kezdem\u00e9nyezte vas\u00fati szakter\u00fcleten, aminek 2012 szeptember\u00e9ben tervezett megnyit\u00e1s\u00e1t m\u00e1r nem \u00e9rhette meg. 2012. j\u00fanius 1-j\u00e9n a K\u00f6zleked\u00e9si Tagozat Cs\u00e1ny L\u00e1szl\u00f3-d\u00edjjal t\u00fcntette ki, amelyet betegs\u00e9ge miatt szem\u00e9lyesen nem vehetett \u00e1t. Szakmai kiv\u00e1l\u00f3s\u00e1g\u00e1nak \u00e9s szer\u00e9ny emberi habitus\u00e1nak eml\u00e9k\u00e9t szeretettel \u0151rizz\u00fck.<\/p>\n","protected":false},"excerpt":{"rendered":"<p>Dr. Par\u00e1di Ferenc 1949-ben sz\u00fcletett. A Budapesti M\u0171szaki Egyetem K\u00f6zleked\u00e9sm\u00e9rn\u00f6ki Kar\u00e1n szerzett diplom\u00e1t 1972-ben, ezt k\u00f6vet\u0151en els\u0151 munk\u00e1ltat\u00f3ja a Budapesti M\u0171szaki Egyetem volt, ahol megkezdte oktat\u00f3i \u00e9s tudom\u00e1nyos tev\u00e9kenys\u00e9g\u00e9t. Tan\u00e1rseg\u00e9dk\u00e9nt indult, \u00e9s a K\u00f6zleked\u00e9si Automatiz\u00e1l\u00e1si Tansz\u00e9k docensek\u00e9nt ment nyugd\u00edjba. Az oktat\u00e1son k\u00edv\u00fcl rendk\u00edv\u00fcl sok m\u0171szaki, tudom\u00e1nyos munk\u00e1ja jelent meg a szakmai lapokban. 1991-ben a Drezdai [&hellip;]<\/p>\n","protected":false},"author":873,"featured_media":0,"comment_status":"closed","ping_status":"closed","sticky":false,"template":"","format":"standard","meta":{"footnotes":""},"categories":[35],"tags":[],"class_list":["post-487","post","type-post","status-publish","format-standard","hentry","category-a-szakma-nagyjai"],"_links":{"self":[{"href":"https:\/\/mernokvagyok.hu\/kozlekedesi\/wp-json\/wp\/v2\/posts\/487","targetHints":{"allow":["GET"]}}],"collection":[{"href":"https:\/\/mernokvagyok.hu\/kozlekedesi\/wp-json\/wp\/v2\/posts"}],"about":[{"href":"https:\/\/mernokvagyok.hu\/kozlekedesi\/wp-json\/wp\/v2\/types\/post"}],"author":[{"embeddable":true,"href":"https:\/\/mernokvagyok.hu\/kozlekedesi\/wp-json\/wp\/v2\/users\/873"}],"replies":[{"embeddable":true,"href":"https:\/\/mernokvagyok.hu\/kozlekedesi\/wp-json\/wp\/v2\/comments?post=487"}],"version-history":[{"count":2,"href":"https:\/\/mernokvagyok.hu\/kozlekedesi\/wp-json\/wp\/v2\/posts\/487\/revisions"}],"predecessor-version":[{"id":785,"href":"https:\/\/mernokvagyok.hu\/kozlekedesi\/wp-json\/wp\/v2\/posts\/487\/revisions\/785"}],"wp:attachment":[{"href":"https:\/\/mernokvagyok.hu\/kozlekedesi\/wp-json\/wp\/v2\/media?parent=487"}],"wp:term":[{"taxonomy":"category","embeddable":true,"href":"https:\/\/mernokvagyok.hu\/kozlekedesi\/wp-json\/wp\/v2\/categories?post=487"},{"taxonomy":"post_tag","embeddable":true,"href":"https:\/\/mernokvagyok.hu\/kozlekedesi\/wp-json\/wp\/v2\/tags?post=487"}],"curies":[{"name":"wp","href":"https:\/\/api.w.org\/{rel}","templated":true}]}}