{"id":462,"date":"2018-02-23T17:14:00","date_gmt":"2018-02-23T16:14:00","guid":{"rendered":"https:\/\/mernokvagyok.hu\/kozlekedesi\/?p=462"},"modified":"2021-04-27T17:27:52","modified_gmt":"2021-04-27T15:27:52","slug":"kozlekedesi-tagozat-tisztsegviselo-valasztas","status":"publish","type":"post","link":"https:\/\/mernokvagyok.hu\/kozlekedesi\/kozlekedesi-tagozat-tisztsegviselo-valasztas\/","title":{"rendered":"K\u00f6zleked\u00e9si Tagozat: tiszts\u00e9gvisel\u0151 v\u00e1laszt\u00e1s"},"content":{"rendered":"\n<p>A tagozat eln\u00f6ks\u00e9ge \u00e9rtes\u00edti valamennyi tagj\u00e1t, hogy 2018-ben az elm\u00falt 4 \u00e9ves ciklust lez\u00e1r\u00f3 \u00e9s \u00faj tiszts\u00e9gvisel\u0151ket v\u00e1laszt\u00f3 k\u00fcld\u00f6ttgy\u0171l\u00e9sre ker\u00fcl sor.<\/p>\n\n\n\n<p>A k\u00fcld\u00f6ttgy\u0171l\u00e9s feladata a szakma helyzete, feladatai, kih\u00edv\u00e1sai f\u00fcggv\u00e9ny\u00e9ben a tagozat, illetve az eln\u00f6ks\u00e9g \u00e9s a szakmai gyakorlat szakir\u00e1ny\u00fas\u00e1g\u00e1t vizsg\u00e1l\u00f3 szak\u00e9rt\u0151i test\u00fclet munk\u00e1j\u00e1nak \u00e9rt\u00e9kel\u00e9se, illetve az elk\u00f6vetkez\u0151 4 \u00e9vre az \u00faj tiszts\u00e9gvisel\u0151k megv\u00e1laszt\u00e1sa. A v\u00e1laszt\u00e1s kiterjed az eln\u00f6k, az eln\u00f6ks\u00e9g tagjai, a szakmai gyakorlat szakir\u00e1ny\u00fas\u00e1g\u00e1t vizsg\u00e1l\u00f3 szak\u00e9rt\u0151i test\u00fclet, valamint a tagozatnak az orsz\u00e1gos k\u00fcld\u00f6ttgy\u0171l\u00e9sbe v\u00e1lasztott k\u00fcld\u00f6ttei, tov\u00e1bb\u00e1 a Cs\u00e1ny L\u00e1szl\u00f3 D\u00edj Kurat\u00f3riuma megv\u00e1laszt\u00e1s\u00e1ra. A tiszts\u00e9gvisel\u0151i v\u00e1laszt\u00e1st a jel\u00f6l\u0151 bizotts\u00e1g k\u00e9sz\u00edti el\u0151.<\/p>\n\n\n\n<p>A jel\u00f6l\u0151 bizotts\u00e1g tagjai, illetve a tagok el\u00e9rhet\u0151s\u00e9ge az al\u00e1bbi:<br>Eln\u00f6k: Hajnal J\u00e1nos (07-0584) (<a href=\"mailto:hajnal-szecsodi@t-online.hu\">hajnal-szecsodi@t-online.hu<\/a>), tagok: Kocsis T\u00fcnde (09-0759)&nbsp;<a href=\"mailto:kocsistunde.melyepterv@gmail.com\">kocsistunde.melyepterv@gmail.com<\/a>, Kiss K\u00e1roly (01-1213)&nbsp;<a href=\"mailto:kiss.karoly@fomterv.hu\">kiss.karoly@fomterv.hu<\/a>, Felm\u00e9ri B\u00e9la (01-11181)&nbsp;<a href=\"mailto:fbela66@gmail.com\">fbela66@gmail.com<\/a>, Hegyi Zolt\u00e1n (13-2729)&nbsp;<a href=\"mailto:hegyi@vikoti.hu\">hegyi@vikoti.hu<\/a>, Sz\u0151ke Ferenc (07-0390)&nbsp;<a href=\"mailto:szoke55@t-online.hu\">szoke55@t-online.hu<\/a>, Szab\u00f3 Istv\u00e1n (09-0121)&nbsp;<a href=\"mailto:hrmodell@gmail.com\">hrmodell@gmail.com<\/a><\/p>\n\n\n\n<p>A jel\u00f6l\u0151 bizotts\u00e1g ezennel felk\u00e9ri a tagozat tags\u00e1g\u00e1t a jel\u00f6l\u00e9sre, a jel\u00f6lt nev\u00e9nek, el\u00e9rhet\u0151s\u00e9g\u00e9nek, a jel\u00f6l\u00e9st al\u00e1t\u00e1maszt\u00f3 tev\u00e9kenys\u00e9g\u00e9nek \u00e9s a javasolt tiszts\u00e9gnek megnevez\u00e9s\u00e9vel, legfeljebb 15 g\u00e9ppel \u00edrt sorban. Konzult\u00e1ci\u00f3 c\u00e9lj\u00e1b\u00f3l meg lehet keresni b\u00e1rmely jel\u00f6l\u0151 bizotts\u00e1gi tagot a megadott el\u00e9rhet\u0151s\u00e9gen kereszt\u00fcl. Jel\u00f6l\u00e9s elektronikus \u00faton tehet\u0151 az <a href=\"mailto:mmk.kozleked\u00e9si.tagozat@fomterv.hu\" target=\"_blank\" rel=\"noreferrer noopener\">mmk.kozleked\u00e9si.tagozat@fomterv.hu<\/a>\u00a0c\u00edmen, vagy sz\u00fcks\u00e9g eset\u00e9n postai \u00faton 1276 Budapest Pf. 1104. (F\u0150MTERV Zrt.)\u00a0<strong>2018. \u00e1prilis 30-ig.<\/strong><\/p>\n","protected":false},"excerpt":{"rendered":"<p>A tagozat eln\u00f6ks\u00e9ge \u00e9rtes\u00edti valamennyi tagj\u00e1t, hogy 2018-ben az elm\u00falt 4 \u00e9ves ciklust lez\u00e1r\u00f3 \u00e9s \u00faj tiszts\u00e9gvisel\u0151ket v\u00e1laszt\u00f3 k\u00fcld\u00f6ttgy\u0171l\u00e9sre ker\u00fcl sor. A k\u00fcld\u00f6ttgy\u0171l\u00e9s feladata a szakma helyzete, feladatai, kih\u00edv\u00e1sai f\u00fcggv\u00e9ny\u00e9ben a tagozat, illetve az eln\u00f6ks\u00e9g \u00e9s a szakmai gyakorlat szakir\u00e1ny\u00fas\u00e1g\u00e1t vizsg\u00e1l\u00f3 szak\u00e9rt\u0151i test\u00fclet munk\u00e1j\u00e1nak \u00e9rt\u00e9kel\u00e9se, illetve az elk\u00f6vetkez\u0151 4 \u00e9vre az \u00faj tiszts\u00e9gvisel\u0151k megv\u00e1laszt\u00e1sa. A [&hellip;]<\/p>\n","protected":false},"author":873,"featured_media":0,"comment_status":"closed","ping_status":"closed","sticky":false,"template":"","format":"standard","meta":{"footnotes":""},"categories":[30],"tags":[68,95],"class_list":["post-462","post","type-post","status-publish","format-standard","hentry","category-a-tagozat-kuldottjei","tag-kuldottek","tag-valasztas"],"_links":{"self":[{"href":"https:\/\/mernokvagyok.hu\/kozlekedesi\/wp-json\/wp\/v2\/posts\/462","targetHints":{"allow":["GET"]}}],"collection":[{"href":"https:\/\/mernokvagyok.hu\/kozlekedesi\/wp-json\/wp\/v2\/posts"}],"about":[{"href":"https:\/\/mernokvagyok.hu\/kozlekedesi\/wp-json\/wp\/v2\/types\/post"}],"author":[{"embeddable":true,"href":"https:\/\/mernokvagyok.hu\/kozlekedesi\/wp-json\/wp\/v2\/users\/873"}],"replies":[{"embeddable":true,"href":"https:\/\/mernokvagyok.hu\/kozlekedesi\/wp-json\/wp\/v2\/comments?post=462"}],"version-history":[{"count":1,"href":"https:\/\/mernokvagyok.hu\/kozlekedesi\/wp-json\/wp\/v2\/posts\/462\/revisions"}],"predecessor-version":[{"id":463,"href":"https:\/\/mernokvagyok.hu\/kozlekedesi\/wp-json\/wp\/v2\/posts\/462\/revisions\/463"}],"wp:attachment":[{"href":"https:\/\/mernokvagyok.hu\/kozlekedesi\/wp-json\/wp\/v2\/media?parent=462"}],"wp:term":[{"taxonomy":"category","embeddable":true,"href":"https:\/\/mernokvagyok.hu\/kozlekedesi\/wp-json\/wp\/v2\/categories?post=462"},{"taxonomy":"post_tag","embeddable":true,"href":"https:\/\/mernokvagyok.hu\/kozlekedesi\/wp-json\/wp\/v2\/tags?post=462"}],"curies":[{"name":"wp","href":"https:\/\/api.w.org\/{rel}","templated":true}]}}