{"id":459,"date":"2018-11-15T17:09:00","date_gmt":"2018-11-15T16:09:00","guid":{"rendered":"https:\/\/mernokvagyok.hu\/kozlekedesi\/?p=459"},"modified":"2021-04-27T17:12:49","modified_gmt":"2021-04-27T15:12:49","slug":"jelentos-kedvezmenyek-mernokigazolvany","status":"publish","type":"post","link":"https:\/\/mernokvagyok.hu\/kozlekedesi\/jelentos-kedvezmenyek-mernokigazolvany\/","title":{"rendered":"Jelent\u0151s kedvezm\u00e9nyek &#8211; M\u00e9rn\u00f6kigazolv\u00e1ny"},"content":{"rendered":"\n<p>A Magyar M\u00e9rn\u00f6ki Kamara 2015 november\u00e9t\u0151l bevezette tagjai sz\u00e1m\u00e1ra a m\u00e9rn\u00f6kigazolv\u00e1nyt. A szem\u00e9lyre sz\u00f3l\u00f3, a tulajdonosuk al\u00e1\u00edr\u00e1s\u00e1val ell\u00e1tott k\u00e1rtya l\u00e9nyege, hogy a<strong>\u00a0m\u00e9rn\u00f6k\u00f6k k\u00f6nnyen \u00e9s gyorsan igazolhass\u00e1k kamarai tags\u00e1gukat, r\u00e1ad\u00e1sul az igazolv\u00e1ny QR-k\u00f3dja k\u00f6zvetlen hozz\u00e1f\u00e9r\u00e9st biztos\u00edt a k\u00f6zhiteles kamarai n\u00e9vjegyz\u00e9khez is<\/strong>.<\/p>\n\n\n\n<figure class=\"wp-block-image size-large\"><img fetchpriority=\"high\" decoding=\"async\" width=\"660\" height=\"300\" src=\"https:\/\/mernokvagyok.hu\/kozlekedesi\/wp-content\/uploads\/2021\/04\/carousel_igazolvany-2020.png\" alt=\"\" class=\"wp-image-460\" \/><figcaption>Forr\u00e1s: mmk.hu<\/figcaption><\/figure>\n\n\n\n<p>Tov\u00e1bbi inform\u00e1ci\u00f3 az igazolv\u00e1ny ny\u00fajtotta el\u0151ny\u00f6kr\u0151l: <a href=\"https:\/\/www.mmk.hu\/tagjainknak\/mernokigazolvany\" target=\"_blank\" rel=\"noreferrer noopener\">https:\/\/www.mmk.hu\/tagjainknak\/mernokigazolvany<\/a><\/p>\n","protected":false},"excerpt":{"rendered":"<p>A Magyar M\u00e9rn\u00f6ki Kamara 2015 november\u00e9t\u0151l bevezette tagjai sz\u00e1m\u00e1ra a m\u00e9rn\u00f6kigazolv\u00e1nyt. A szem\u00e9lyre sz\u00f3l\u00f3, a tulajdonosuk al\u00e1\u00edr\u00e1s\u00e1val ell\u00e1tott k\u00e1rtya l\u00e9nyege, hogy a\u00a0m\u00e9rn\u00f6k\u00f6k k\u00f6nnyen \u00e9s gyorsan igazolhass\u00e1k kamarai tags\u00e1gukat, r\u00e1ad\u00e1sul az igazolv\u00e1ny QR-k\u00f3dja k\u00f6zvetlen hozz\u00e1f\u00e9r\u00e9st biztos\u00edt a k\u00f6zhiteles kamarai n\u00e9vjegyz\u00e9khez is. Tov\u00e1bbi inform\u00e1ci\u00f3 az igazolv\u00e1ny ny\u00fajtotta el\u0151ny\u00f6kr\u0151l: https:\/\/www.mmk.hu\/tagjainknak\/mernokigazolvany<\/p>\n","protected":false},"author":873,"featured_media":0,"comment_status":"closed","ping_status":"closed","sticky":false,"template":"","format":"standard","meta":{"footnotes":""},"categories":[92],"tags":[94,93],"class_list":["post-459","post","type-post","status-publish","format-standard","hentry","category-tamogatok","tag-kamara","tag-mernokigazolvany"],"_links":{"self":[{"href":"https:\/\/mernokvagyok.hu\/kozlekedesi\/wp-json\/wp\/v2\/posts\/459","targetHints":{"allow":["GET"]}}],"collection":[{"href":"https:\/\/mernokvagyok.hu\/kozlekedesi\/wp-json\/wp\/v2\/posts"}],"about":[{"href":"https:\/\/mernokvagyok.hu\/kozlekedesi\/wp-json\/wp\/v2\/types\/post"}],"author":[{"embeddable":true,"href":"https:\/\/mernokvagyok.hu\/kozlekedesi\/wp-json\/wp\/v2\/users\/873"}],"replies":[{"embeddable":true,"href":"https:\/\/mernokvagyok.hu\/kozlekedesi\/wp-json\/wp\/v2\/comments?post=459"}],"version-history":[{"count":1,"href":"https:\/\/mernokvagyok.hu\/kozlekedesi\/wp-json\/wp\/v2\/posts\/459\/revisions"}],"predecessor-version":[{"id":461,"href":"https:\/\/mernokvagyok.hu\/kozlekedesi\/wp-json\/wp\/v2\/posts\/459\/revisions\/461"}],"wp:attachment":[{"href":"https:\/\/mernokvagyok.hu\/kozlekedesi\/wp-json\/wp\/v2\/media?parent=459"}],"wp:term":[{"taxonomy":"category","embeddable":true,"href":"https:\/\/mernokvagyok.hu\/kozlekedesi\/wp-json\/wp\/v2\/categories?post=459"},{"taxonomy":"post_tag","embeddable":true,"href":"https:\/\/mernokvagyok.hu\/kozlekedesi\/wp-json\/wp\/v2\/tags?post=459"}],"curies":[{"name":"wp","href":"https:\/\/api.w.org\/{rel}","templated":true}]}}