{"id":456,"date":"2013-03-07T17:05:28","date_gmt":"2013-03-07T16:05:28","guid":{"rendered":"https:\/\/mernokvagyok.hu\/kozlekedesi\/?p=456"},"modified":"2021-04-27T17:07:47","modified_gmt":"2021-04-27T15:07:47","slug":"az-mmk-es-a-muszaki-tudomanyos-egyesuletek-megerositett-egyuttmukodese","status":"publish","type":"post","link":"https:\/\/mernokvagyok.hu\/kozlekedesi\/az-mmk-es-a-muszaki-tudomanyos-egyesuletek-megerositett-egyuttmukodese\/","title":{"rendered":"Az MMK \u00e9s a m\u0171szaki tudom\u00e1nyos egyes\u00fcletek meger\u0151s\u00edtett egy\u00fcttm\u0171k\u00f6d\u00e9se"},"content":{"rendered":"\n<h4 class=\"wp-block-heading\">\u00dcnnep\u00e9lyes keretek k\u00f6z\u00f6tt \u00edrt al\u00e1 meger\u0151s\u00edtett egy\u00fcttm\u0171k\u00f6d\u00e9st m\u0171szaki tudom\u00e1nyos egyes\u00fcletekkel a Magyar M\u00e9rn\u00f6ki Kamara \u00e9s szakmai tagozatai<\/h4>\n\n\n\n<p>A k\u00f6z\u00f6s szakmai feladatok ell\u00e1t\u00e1s\u00e1ra meger\u0151s\u00edtett egy\u00fcttm\u0171k\u00f6d\u00e9si meg\u00e1llapod\u00e1st \u00edrt al\u00e1 a Magyar M\u00e9rn\u00f6ki Kamara \u00e9s annak szakmai tagozatai a m\u0171szaki tudom\u00e1nyos egyes\u00fcletek k\u00e9pvisel\u0151ivel 2013. m\u00e1rcius 1-j\u00e9n a k\u00f6zleked\u00e9s, az elektrotechnika, az energetika \u00e9s az \u00e9p\u00edt\u00e9s ter\u00fclet\u00e9n. A felek k\u00f6z\u00f6tti meger\u0151s\u00edtett egy\u00fcttm\u0171k\u00f6d\u00e9s lehet\u0151s\u00e9get k\u00edn\u00e1l arra, hogy a m\u0171szaki-m\u00e9rn\u00f6ki szakter\u00fcletek a main\u00e1l hat\u00e9konyabban jelen\u00edts\u00e9k meg, \u00e9s \u00e9rv\u00e9nyes\u00edts\u00e9k a gazdas\u00e1gi-t\u00e1rsadalmi \u00e9rdekeket, tov\u00e1bb\u00e1 hogy mindezek \u00e9rdek\u00e9ben a fejleszt\u00e9sek \u00e9s az innov\u00e1ci\u00f3 ter\u00fclet\u00e9n a felek tev\u00e9kenys\u00e9geiket \u2013 \u00f6n\u00e1ll\u00f3s\u00e1guk fenntart\u00e1sa mellett \u2013 \u00f6sszehangolj\u00e1k. Az al\u00e1\u00edr\u00f3k kiemelt\u00e9k, hogy a M\u00e9rn\u00f6ki Kamara \u00e9s a tudom\u00e1nyos egyes\u00fcletek k\u00f6z\u00f6tt kor\u00e1bban is volt szakmai kapcsolat, a mostani al\u00e1\u00edr\u00e1ssal ezt tov\u00e1bb lehet fejleszteni.<\/p>\n\n\n\n<p>A meg\u00e1llapod\u00e1sokat a Magyar M\u00e9rn\u00f6ki Kamara K\u00f6zleked\u00e9si Tagozat\u00e1nak, Elektrotechnikai \u00e9s \u00c9p\u00fcletvillamoss\u00e1gi Tagozat\u00e1nak, Energetikai Tagozat\u00e1nak \u00e9s \u00c9p\u00edt\u00e9si Tagozat\u00e1nak eln\u00f6kei, a m\u0171szaki tudom\u00e1nyos egyes\u00fcletek r\u00e9sz\u00e9r\u0151l a K\u00f6zleked\u00e9studom\u00e1nyi Egyes\u00fclet, a Magyar \u00dat\u00fcgyi T\u00e1rsas\u00e1g, a Magyar Elektrotechnikai Egyes\u00fclet, az Energiagazd\u00e1lkod\u00e1si Tudom\u00e1nyos Egyes\u00fclet, a Magyar Energetikai T\u00e1rsas\u00e1g \u00e9s az \u00c9p\u00edt\u00e9studom\u00e1nyi Egyes\u00fclet vezet\u0151i \u00edrt\u00e1k al\u00e1.<\/p>\n\n\n\n<p>Az \u00fcnnep\u00e9lyes al\u00e1\u00edr\u00e1s alkalm\u00e1val Barsin\u00e9 Pataky Etelka MMK-eln\u00f6k \u00fcdv\u00f6z\u00f6lte az egy\u00fcttm\u0171k\u00f6d\u00e9st, amely m\u00e1r r\u00e9g\u00f3ta esed\u00e9kes. Kiemelte annak fontoss\u00e1g\u00e1t, hogy k\u00f6z\u00f6sen kell keresni a lehet\u0151s\u00e9geket, hogy a magyar m\u00e9rn\u00f6k\u00f6ket alkot\u00f3, \u00e9rtelmes munk\u00e1val itthon tarts\u00e1k.<\/p>\n\n\n\n<p>A c\u00e9l el\u00e9r\u00e9s\u00e9nek egyik eszk\u00f6ze lehet a t\u00f6bbl\u00e9pcs\u0151s mentori rendszer ind\u00edt\u00e1sa. A mentori rendszer els\u0151 fokozat\u00e1ban m\u00e1r az egyetemen seg\u00edt\u0151 szakembert \u00e1ll\u00edtan\u00e1nak az MSc m\u00e9rn\u00f6khallgat\u00f3k mell\u00e9. A m\u00e1sodik f\u00e1zisban a sz\u00fcks\u00e9ges gyakorlati id\u0151 megszerz\u00e9se sor\u00e1n t\u00e1mogatn\u00e1 a mentor a m\u00e9rn\u00f6k\u00f6t t\u00f6bbek k\u00f6z\u00f6tt az \u00f6n\u00e1ll\u00f3 tervez\u0151i jogosults\u00e1ghoz elengedhetetlen gyakorlati ismeretek megszerz\u00e9s\u00e9ben. A harmadik fokozatban tapasztalt szakember, \u00fagynevezett kiemelt mentor mellett v\u00e9gezhetn\u00e9 a fiatal m\u00e9rn\u00f6k a munk\u00e1j\u00e1t. A mentori rendszer m\u0171k\u00f6dtet\u00e9s\u00e9hez a tudom\u00e1nyos egyes\u00fcletek szakembereik r\u00e9v\u00e9n tudn\u00e1nak seg\u00edts\u00e9get adni \u00e9s egy\u00fcttm\u0171k\u00f6dni a rendszer fenntarthat\u00f3s\u00e1g\u00e1ban.<\/p>\n\n\n\n<p>Az egy\u00fcttm\u0171k\u00f6d\u00e9sek ezenfel\u00fcl kiterjednek a k\u00f6z\u00f6s szakmai \u00e1ll\u00e1sfoglal\u00e1sok kialak\u00edt\u00e1s\u00e1ra, koordin\u00e1l\u00e1s\u00e1ra, az eur\u00f3pai uni\u00f3s \u00e9s hazai jogalkot\u00e1s el\u0151k\u00e9sz\u00edt\u0151 \u00e9s v\u00e9lem\u00e9nyez\u0151 folyamataiban t\u00f6rt\u00e9n\u0151 k\u00f6z\u00f6s, akt\u00edv r\u00e9szv\u00e9telre. Tov\u00e1bb\u00e1 a m\u0171szaki fels\u0151oktat\u00e1s k\u00e9pz\u00e9si k\u00f6vetelm\u00e9nyeinek szakmai v\u00e9lem\u00e9nyez\u00e9s\u00e9re, a fels\u0151fok\u00fa tov\u00e1bbk\u00e9pz\u00e9sek szakmai tartalm\u00e1nak meghat\u00e1roz\u00e1s\u00e1ra ir\u00e1nyul\u00f3 javaslatok kidolgoz\u00e1s\u00e1ra \u00e9s ezeknek a tov\u00e1bbk\u00e9pz\u00e9seknek az egys\u00e9ges\u00edt\u00e9s\u00e9re, \u00f6sszehangol\u00e1s\u00e1ra, k\u00f6z\u00f6s szakmai rendezv\u00e9nyek tart\u00e1s\u00e1ra, a m\u0171szaki-term\u00e9szettudom\u00e1nyos eredm\u00e9nyek k\u00f6z\u00f6s bemutat\u00e1s\u00e1ra \u00e9s propag\u00e1l\u00e1s\u00e1ra. Az egy\u00fcttm\u0171k\u00f6d\u00e9s lehet\u0151s\u00e9get ny\u00fajt k\u00f6z\u00f6s, kib\u0151v\u00edtett eln\u00f6ks\u00e9gi \u00fcl\u00e9sek tart\u00e1s\u00e1ra, az egyes speci\u00e1lis feladatokra vonatkoz\u00f3an k\u00f6z\u00f6s munkacsoportok fel\u00e1ll\u00edt\u00e1s\u00e1ra, illetve a tagozatok \u00e9s a szakmai tudom\u00e1nyos egyes\u00fcltek honlapjai tekintet\u00e9ben a kapcsolatra, \u00e1tj\u00e1rhat\u00f3s\u00e1gra.<\/p>\n\n\n\n<p>A Magyar M\u00e9rn\u00f6ki Kamara a tudom\u00e1nyos egyes\u00fcletek k\u00e9pvisel\u0151ivel tov\u00e1bbi ter\u00fcleteken is meger\u0151s\u00edtett egy\u00fcttm\u0171k\u00f6d\u00e9st k\u00edv\u00e1n kialak\u00edtani.<\/p>\n\n\n\n<p>Az esem\u00e9nyr\u0151l besz\u00e1mol\u00f3t k\u00e9sz\u00edtett \u00e9s tud\u00f3s\u00edt\u00e1st adott az MTI, a Kossuth r\u00e1di\u00f3, a hirado.hu az Echo TV \u00e9s az InfoR\u00e1di\u00f3, valamint t\u00f6bb internetes h\u00edrport\u00e1l is.<\/p>\n","protected":false},"excerpt":{"rendered":"<p>\u00dcnnep\u00e9lyes keretek k\u00f6z\u00f6tt \u00edrt al\u00e1 meger\u0151s\u00edtett egy\u00fcttm\u0171k\u00f6d\u00e9st m\u0171szaki tudom\u00e1nyos egyes\u00fcletekkel a Magyar M\u00e9rn\u00f6ki Kamara \u00e9s szakmai tagozatai A k\u00f6z\u00f6s szakmai feladatok ell\u00e1t\u00e1s\u00e1ra meger\u0151s\u00edtett egy\u00fcttm\u0171k\u00f6d\u00e9si meg\u00e1llapod\u00e1st \u00edrt al\u00e1 a Magyar M\u00e9rn\u00f6ki Kamara \u00e9s annak szakmai tagozatai a m\u0171szaki tudom\u00e1nyos egyes\u00fcletek k\u00e9pvisel\u0151ivel 2013. m\u00e1rcius 1-j\u00e9n a k\u00f6zleked\u00e9s, az elektrotechnika, az energetika \u00e9s az \u00e9p\u00edt\u00e9s ter\u00fclet\u00e9n. A felek [&hellip;]<\/p>\n","protected":false},"author":873,"featured_media":0,"comment_status":"closed","ping_status":"closed","sticky":false,"template":"","format":"standard","meta":{"footnotes":""},"categories":[89],"tags":[90,91],"class_list":["post-456","post","type-post","status-publish","format-standard","hentry","category-partnerszervezetek","tag-egyuttmukodes","tag-partnerszervezet"],"_links":{"self":[{"href":"https:\/\/mernokvagyok.hu\/kozlekedesi\/wp-json\/wp\/v2\/posts\/456","targetHints":{"allow":["GET"]}}],"collection":[{"href":"https:\/\/mernokvagyok.hu\/kozlekedesi\/wp-json\/wp\/v2\/posts"}],"about":[{"href":"https:\/\/mernokvagyok.hu\/kozlekedesi\/wp-json\/wp\/v2\/types\/post"}],"author":[{"embeddable":true,"href":"https:\/\/mernokvagyok.hu\/kozlekedesi\/wp-json\/wp\/v2\/users\/873"}],"replies":[{"embeddable":true,"href":"https:\/\/mernokvagyok.hu\/kozlekedesi\/wp-json\/wp\/v2\/comments?post=456"}],"version-history":[{"count":1,"href":"https:\/\/mernokvagyok.hu\/kozlekedesi\/wp-json\/wp\/v2\/posts\/456\/revisions"}],"predecessor-version":[{"id":457,"href":"https:\/\/mernokvagyok.hu\/kozlekedesi\/wp-json\/wp\/v2\/posts\/456\/revisions\/457"}],"wp:attachment":[{"href":"https:\/\/mernokvagyok.hu\/kozlekedesi\/wp-json\/wp\/v2\/media?parent=456"}],"wp:term":[{"taxonomy":"category","embeddable":true,"href":"https:\/\/mernokvagyok.hu\/kozlekedesi\/wp-json\/wp\/v2\/categories?post=456"},{"taxonomy":"post_tag","embeddable":true,"href":"https:\/\/mernokvagyok.hu\/kozlekedesi\/wp-json\/wp\/v2\/tags?post=456"}],"curies":[{"name":"wp","href":"https:\/\/api.w.org\/{rel}","templated":true}]}}