{"id":454,"date":"2013-03-07T17:03:48","date_gmt":"2013-03-07T16:03:48","guid":{"rendered":"https:\/\/mernokvagyok.hu\/kozlekedesi\/?p=454"},"modified":"2021-04-27T17:04:28","modified_gmt":"2021-04-27T15:04:28","slug":"beszamolo-a-vasuti-szakosztaly-szakmai-napjarol-2","status":"publish","type":"post","link":"https:\/\/mernokvagyok.hu\/kozlekedesi\/beszamolo-a-vasuti-szakosztaly-szakmai-napjarol-2\/","title":{"rendered":"Besz\u00e1mol\u00f3 a Vas\u00fati Szakoszt\u00e1ly szakmai napj\u00e1r\u00f3l"},"content":{"rendered":"\n<p>Az MMK K\u00f6zleked\u00e9si Tagozat\u00e1nak Vas\u00fati Szakoszt\u00e1lya, a KTE \u00e9s az MEE M\u00c1V \u00dczemi Szervezete \u00e9s a Fels\u0151vezet\u00e9ki Szakkoll\u00e9gium szervez\u00e9s\u00e9ben <strong>Er\u0151s\u00e1ram\u00fa ir\u00e1ny\u00edt\u00e1stechnika szakmai nap<\/strong>ot tartottak 2013. febru\u00e1r 26-\u00e1n, a M\u00c1V Zrt. TEB K\u00f6zpontj\u00e1ban (1063 Budapest, Kmety Gy\u00f6rgy utca 3.).<\/p>\n\n\n\n<p>A tervezett el\u0151ad\u00e1sok t\u00f6bb mint 60 f\u0151 akt\u00edv r\u00e9szv\u00e9tel\u00e9vel zajlottak.<\/p>\n\n\n\n<p><strong>Magyar L\u00e1szl\u00f3 <\/strong>okleveles villamosm\u00e9rn\u00f6k&nbsp;<strong><em>\u201eA hagyom\u00e1nyos \u00e1ramtranszform\u00e1torral t\u00f6rt\u00e9n\u0151 m\u00e9r\u00e9sek korl\u00e1tai, illetve probl\u00e9m\u00e1i, egyes speci\u00e1lis esetekben a megold\u00e1s lehets\u00e9ges alternat\u00edv\u00e1i\u201d <\/em><\/strong>c\u00edm\u0171 el\u0151ad\u00e1s\u00e1ban r\u00e9szletekbe men\u0151en ismertette a hagyom\u00e1nyos vasmagos m\u00e9r\u0151v\u00e1lt\u00f3k m\u00e9retez\u00e9s\u00e9nek \u00e9s kiv\u00e1laszt\u00e1s\u00e1nak probl\u00e9m\u00e1it, k\u00fcl\u00f6n\u00f6s tekintettel az \u00f6n\u00e1ll\u00f3an kedvez\u0151 hib\u00e1val rendelkez\u0151 m\u00e9r\u0151v\u00e1lt\u00f3k egy\u00fcttes alkalmaz\u00e1sa (p\u00e9ld\u00e1ul teljes\u00edtm\u00e9nym\u00e9r\u00e9s) eset\u00e9n fell\u00e9p\u0151 kedvez\u0151tlenebb helyzetre. Bemutatt\u00e1k a hiba jav\u00edt\u00e1s\u00e1t eredm\u00e9nyez\u0151 szerkezeti megold\u00e1sokat \u00e9s a megfelel\u0151 illeszt\u0151elektronika kialak\u00edt\u00e1sa r\u00e9v\u00e9n el\u00e9rhet\u0151 eredm\u00e9nyeket.<\/p>\n\n\n\n<p><strong>Sergio Vaccarini <\/strong>(Olaszorsz\u00e1g) fejleszt\u0151m\u00e9rn\u00f6k <strong><em>\u201eNagyvas\u00fati fels\u0151vezet\u00e9k-h\u00e1l\u00f3zat m\u00e9r\u00e9stechnikai fejleszt\u00e9seinek tapasztalatai Olaszorsz\u00e1gban. Fels\u0151vezet\u00e9k-monitoring SCADA-rendszerekkel\u201d <\/em><\/strong>c\u00edm\u0171 el\u0151ad\u00e1s\u00e1ban a nagyvas\u00fati fels\u0151vezet\u00e9ki hosszl\u00e1ncok h\u0151m\u00e9rs\u00e9klet-v\u00e1ltoz\u00e1s, illetve az \u00e1ramszed\u0151k \u00e1thalad\u00e1sa sor\u00e1n kialakul\u00f3 ig\u00e9nybev\u00e9telei okozta v\u00e1ltoz\u00e1sok folyamatos monitoringj\u00e1t megval\u00f3s\u00edt\u00f3 rendszer fejleszt\u00e9s\u00e9t ismertette. Az \u00f6n\u00e1ll\u00f3 napelemes t\u00e1pl\u00e1l\u00e1s\u00fa rendszer alkalmaz\u00e1sa r\u00e9v\u00e9n a vas\u00fati fels\u0151vezet\u00e9k \u00fczemeltet\u0151je, karbantart\u00f3ja r\u00e9sz\u00e9re \u2013 egy webszerveren k\u00fcl\u00f6nb\u00f6z\u0151 jogosults\u00e1gi szint szerint el\u00e9rhet\u0151 \u2013 a karbantart\u00e1si \u00e9s \u00fczemzavar-elh\u00e1r\u00edt\u00e1si munk\u00e1k szervez\u00e9s\u00e9t jelent\u0151sen el\u0151seg\u00edt\u0151 adatok \u00e9s a behat\u00e1sok id\u0151beli v\u00e1ltoz\u00e1s\u00e1t le\u00edr\u00f3, azokat zoomfunkci\u00f3val r\u00e9szleteiben vizsg\u00e1lhat\u00f3 diagramok \u00e1llnak rendelkez\u00e9sre. Kiemelt figyelem k\u00eds\u00e9rte a rendszer nagyfesz\u00fclts\u00e9g\u0171 potenci\u00e1lon l\u00e9v\u0151 passz\u00edv optikai m\u00e9r\u0151rendszer\u00e9nek \u00e9s az azzal f\u00e9nyvezet\u0151sz\u00e1las optikai k\u00e1belen kapcsolatot tart\u00f3 \u2013 f\u00f6ldpotenci\u00e1lon lev\u0151 \u2013 t\u00e1vvez\u00e9rl\u0151 egys\u00e9g kialak\u00edt\u00e1s\u00e1nak ismertet\u00e9s\u00e9t.<\/p>\n\n\n\n<p>Az el\u0151ad\u00e1sok v\u00e9g\u00e9n konzult\u00e1ci\u00f3ra volt lehet\u0151s\u00e9g.<\/p>\n\n\n\n<p>A konzult\u00e1ci\u00f3 sor\u00e1n a m\u00e9r\u0151v\u00e1lt\u00f3kon kereszt\u00fcl kialak\u00edtott fogyaszt\u00e1sm\u00e9r\u00e9s felharmonikus tartalom eset\u00e9n fell\u00e9p\u0151 jelent\u0151s hibakompenz\u00e1l\u00e1si k\u00e9rd\u00e9sk\u00f6re, valamint a r\u00e9gi eloszt\u00f3szekr\u00e9nyekbe be\u00e9rkez\u0151 k\u00e1belk\u00f6tegekre ut\u00f3lag be\u00e9p\u00edtend\u0151 \u00e1ramv\u00e1lt\u00f3k elhelyezhet\u0151s\u00e9g\u00e9nek neh\u00e9zs\u00e9geit t\u00e1rgyalt\u00e1k. Az ismertetett megold\u00e1sok mindkett\u0151re megnyugtat\u00f3 megold\u00e1st jelentenek, mert az illeszt\u0151elektronika megfelel\u0151 kialak\u00edt\u00e1sa a magasabb harmonikusok melletti medd\u0151 m\u00e9r\u00e9s eset\u00e9n is biztos\u00edtj\u00e1k az alacsony hib\u00e1val val\u00f3 m\u00e9rhet\u0151s\u00e9get. Az \u00e1ramv\u00e1lt\u00f3k eset\u00e9ben alkalmazott \u00faj konstrukci\u00f3 \u2013 l\u00e9nyegesen kisebb kiterjed\u00e9s mellett \u2013 olyan m\u00f3don lett kialak\u00edtva, hogy a meglev\u0151 k\u00e1belek sarus csatlakoz\u00e1sain kereszt\u00fcl is r\u00e1h\u00fazhat\u00f3ak legyenek a m\u00e9rend\u0151 \u00e9rre.<\/p>\n\n\n\n<p>A fels\u0151vezet\u00e9ki monitoring rendszerrel kapcsolatban a rendszer optikai elv\u0171 m\u00e9r\u00e9si m\u00f3dszer\u00e9re, az optikai sz\u00e1las \u00f6sszek\u00f6ttet\u00e9s elhelyez\u00e9si lehet\u0151s\u00e9geire \u00e9s a t\u00e1vvez\u00e9rl\u0151 egys\u00e9g m\u00e1s fels\u0151vezet\u00e9ki ir\u00e1ny\u00edt\u00e1stechnikai rendszerrel val\u00f3 \u00f6sszek\u00f6thet\u0151s\u00e9g\u00e9re vonatkoz\u00f3 k\u00e9rd\u00e9sek mer\u00fcltek fel. K\u00e9rd\u00e9sk\u00e9nt j\u00f6tt fel m\u00e9g a rendszer \u00e1ltal \u00e9rz\u00e9kelt h\u0151m\u00e9rs\u00e9kleti adatok \u00e9s a hosszl\u00e1ncokon foly\u00f3 terhel\u0151\u00e1ram \u00f6sszef\u00fcgg\u00e9s\u00e9nek helyzete. A rendszer fejleszt\u00e9se jelenleg is folyik, kialak\u00edt\u00e1s\u00e1b\u00f3l ad\u00f3d\u00f3an a mindenkori felhaszn\u00e1l\u00f3i ig\u00e9nyekhez k\u00f6nnyen illeszthet\u0151, \u00edgy egyszer\u0171en megoldhat\u00f3 a kapcsolat m\u00e1s rendszerekkel, valamint a sz\u00fcks\u00e9g szerinti tov\u00e1bbi \u00e9rz\u00e9kel\u00e9sek kialak\u00edthat\u00f3ak, \u00e9s a m\u00e9rt fels\u0151vezet\u00e9ki h\u0151m\u00e9rs\u00e9klet mell\u00e9 hozz\u00e1rendelhet\u0151 a k\u00f6rnyezeti h\u0151m\u00e9rs\u00e9klet, valamint ak\u00e1r a pillanatnyi \u00e1ramterhel\u00e9si \u00e9rt\u00e9k is.<\/p>\n\n\n\n<p>\u00d6ssze\u00e1ll\u00edtotta:<\/p>\n\n\n\n<p>Csoma Andr\u00e1s<br>eln\u00f6ks\u00e9gi tag<\/p>\n","protected":false},"excerpt":{"rendered":"<p>Az MMK K\u00f6zleked\u00e9si Tagozat\u00e1nak Vas\u00fati Szakoszt\u00e1lya, a KTE \u00e9s az MEE M\u00c1V \u00dczemi Szervezete \u00e9s a Fels\u0151vezet\u00e9ki Szakkoll\u00e9gium szervez\u00e9s\u00e9ben Er\u0151s\u00e1ram\u00fa ir\u00e1ny\u00edt\u00e1stechnika szakmai napot tartottak 2013. febru\u00e1r 26-\u00e1n, a M\u00c1V Zrt. TEB K\u00f6zpontj\u00e1ban (1063 Budapest, Kmety Gy\u00f6rgy utca 3.). A tervezett el\u0151ad\u00e1sok t\u00f6bb mint 60 f\u0151 akt\u00edv r\u00e9szv\u00e9tel\u00e9vel zajlottak. Magyar L\u00e1szl\u00f3 okleveles villamosm\u00e9rn\u00f6k&nbsp;\u201eA hagyom\u00e1nyos \u00e1ramtranszform\u00e1torral t\u00f6rt\u00e9n\u0151 [&hellip;]<\/p>\n","protected":false},"author":873,"featured_media":0,"comment_status":"closed","ping_status":"closed","sticky":false,"template":"","format":"standard","meta":{"footnotes":""},"categories":[16],"tags":[80,81,82],"class_list":["post-454","post","type-post","status-publish","format-standard","hentry","category-archivum","tag-beszamolo","tag-szakmai-nap","tag-vasuti-szakosztaly"],"_links":{"self":[{"href":"https:\/\/mernokvagyok.hu\/kozlekedesi\/wp-json\/wp\/v2\/posts\/454","targetHints":{"allow":["GET"]}}],"collection":[{"href":"https:\/\/mernokvagyok.hu\/kozlekedesi\/wp-json\/wp\/v2\/posts"}],"about":[{"href":"https:\/\/mernokvagyok.hu\/kozlekedesi\/wp-json\/wp\/v2\/types\/post"}],"author":[{"embeddable":true,"href":"https:\/\/mernokvagyok.hu\/kozlekedesi\/wp-json\/wp\/v2\/users\/873"}],"replies":[{"embeddable":true,"href":"https:\/\/mernokvagyok.hu\/kozlekedesi\/wp-json\/wp\/v2\/comments?post=454"}],"version-history":[{"count":1,"href":"https:\/\/mernokvagyok.hu\/kozlekedesi\/wp-json\/wp\/v2\/posts\/454\/revisions"}],"predecessor-version":[{"id":455,"href":"https:\/\/mernokvagyok.hu\/kozlekedesi\/wp-json\/wp\/v2\/posts\/454\/revisions\/455"}],"wp:attachment":[{"href":"https:\/\/mernokvagyok.hu\/kozlekedesi\/wp-json\/wp\/v2\/media?parent=454"}],"wp:term":[{"taxonomy":"category","embeddable":true,"href":"https:\/\/mernokvagyok.hu\/kozlekedesi\/wp-json\/wp\/v2\/categories?post=454"},{"taxonomy":"post_tag","embeddable":true,"href":"https:\/\/mernokvagyok.hu\/kozlekedesi\/wp-json\/wp\/v2\/tags?post=454"}],"curies":[{"name":"wp","href":"https:\/\/api.w.org\/{rel}","templated":true}]}}