{"id":392,"date":"2015-03-11T16:25:47","date_gmt":"2015-03-11T15:25:47","guid":{"rendered":"https:\/\/mernokvagyok.hu\/kozlekedesi\/?p=392"},"modified":"2021-04-27T16:27:55","modified_gmt":"2021-04-27T14:27:55","slug":"az-mmk-kozlekedesi-tagozatanak-szakmai-nyilatkozata-2","status":"publish","type":"post","link":"https:\/\/mernokvagyok.hu\/kozlekedesi\/az-mmk-kozlekedesi-tagozatanak-szakmai-nyilatkozata-2\/","title":{"rendered":"Az MMK K\u00f6zleked\u00e9si Tagozat\u00e1nak szakmai nyilatkozata"},"content":{"rendered":"\n<p>Az elm\u00falt id\u0151szakban t\u00f6bb sajt\u00f3h\u00edr is megjelent a D\u00e9li p\u00e1lyaudvar p\u00f3tl\u00e1s n\u00e9lk\u00fcli megsz\u00fcntet\u00e9s\u00e9vel kapcsolatban. Ezek egy r\u00e9sze arr\u00f3l sz\u00f3lt, hogy a Nemzeti Fejleszt\u00e9si Miniszt\u00e9rium vizsg\u00e1lja a p\u00e1lyaudvar megsz\u00fcntet\u00e9s\u00e9nek lehet\u0151s\u00e9g\u00e9t is.<\/p>\n\n\n\n<p>Az 1861-ben megnyitott D\u00e9li p\u00e1lyaudvar v\u00e1rosk\u00f6zponti elhelyezked\u00e9s\u00e9nek \u00e9s metr\u00f3kapcsolat\u00e1nak k\u00f6sz\u00f6nhet\u0151en is jelent\u0151s szerepet t\u00f6lt be az orsz\u00e1g vas\u00fati k\u00f6zleked\u00e9s\u00e9ben. Budapest d\u00e9lnyugati, nyugati el\u0151v\u00e1rosi forgalm\u00e1nak d\u00f6nt\u0151 h\u00e1nyad\u00e1t szolg\u00e1lja ki.<\/p>\n\n\n\n<p>Id\u0151r\u0151l id\u0151re felmer\u00fcl a p\u00e1lyaudvar \u00e1talak\u00edt\u00e1s\u00e1nak, megsz\u00fcntet\u00e9s\u00e9nek gondolata, err\u0151l m\u00e1r t\u00f6bb \u00e1tfog\u00f3 vizsg\u00e1lat is k\u00e9sz\u00fclt. A tanulm\u00e1nyok egy\u00f6ntet\u0171en arra az eredm\u00e9nyre jutottak, hogy az \u00e1llom\u00e1s megsz\u00fcntet\u00e9se szolg\u00e1ltat\u00e1si \u00e9s h\u00e1l\u00f3zatfejleszt\u00e9si szempontok alapj\u00e1n indokolatlan. Az MMK K\u00f6zleked\u00e9si Tagozata nem t\u00e1mogatja a D\u00e9li p\u00e1lyaudvar p\u00f3tl\u00e1s n\u00e9lk\u00fcli megsz\u00fcntet\u00e9s\u00e9vel kapcsolatos elk\u00e9pzel\u00e9seket. Szakembereink ugyanakkor k\u00e9szs\u00e9ggel \u00e1llnak a d\u00f6nt\u00e9shoz\u00f3k rendelkez\u00e9s\u00e9re, hogy seg\u00edts\u00e9k a mindenki sz\u00e1m\u00e1ra megnyugtat\u00f3, optim\u00e1lis megold\u00e1s kialak\u00edt\u00e1s\u00e1t.<\/p>\n\n\n\n<p>MMK K\u00f6zleked\u00e9si Tagozat Eln\u00f6ks\u00e9ge<\/p>\n","protected":false},"excerpt":{"rendered":"<p>Az elm\u00falt id\u0151szakban t\u00f6bb sajt\u00f3h\u00edr is megjelent a D\u00e9li p\u00e1lyaudvar p\u00f3tl\u00e1s n\u00e9lk\u00fcli megsz\u00fcntet\u00e9s\u00e9vel kapcsolatban. Ezek egy r\u00e9sze arr\u00f3l sz\u00f3lt, hogy a Nemzeti Fejleszt\u00e9si Miniszt\u00e9rium vizsg\u00e1lja a p\u00e1lyaudvar megsz\u00fcntet\u00e9s\u00e9nek lehet\u0151s\u00e9g\u00e9t is. Az 1861-ben megnyitott D\u00e9li p\u00e1lyaudvar v\u00e1rosk\u00f6zponti elhelyezked\u00e9s\u00e9nek \u00e9s metr\u00f3kapcsolat\u00e1nak k\u00f6sz\u00f6nhet\u0151en is jelent\u0151s szerepet t\u00f6lt be az orsz\u00e1g vas\u00fati k\u00f6zleked\u00e9s\u00e9ben. Budapest d\u00e9lnyugati, nyugati el\u0151v\u00e1rosi forgalm\u00e1nak d\u00f6nt\u0151 [&hellip;]<\/p>\n","protected":false},"author":873,"featured_media":0,"comment_status":"closed","ping_status":"closed","sticky":false,"template":"","format":"standard","meta":{"footnotes":""},"categories":[15],"tags":[53,77,75],"class_list":["post-392","post","type-post","status-publish","format-standard","hentry","category-szakmai-allasfoglalasok","tag-allasfoglalas","tag-nyilatkozat","tag-szakmai"],"_links":{"self":[{"href":"https:\/\/mernokvagyok.hu\/kozlekedesi\/wp-json\/wp\/v2\/posts\/392","targetHints":{"allow":["GET"]}}],"collection":[{"href":"https:\/\/mernokvagyok.hu\/kozlekedesi\/wp-json\/wp\/v2\/posts"}],"about":[{"href":"https:\/\/mernokvagyok.hu\/kozlekedesi\/wp-json\/wp\/v2\/types\/post"}],"author":[{"embeddable":true,"href":"https:\/\/mernokvagyok.hu\/kozlekedesi\/wp-json\/wp\/v2\/users\/873"}],"replies":[{"embeddable":true,"href":"https:\/\/mernokvagyok.hu\/kozlekedesi\/wp-json\/wp\/v2\/comments?post=392"}],"version-history":[{"count":1,"href":"https:\/\/mernokvagyok.hu\/kozlekedesi\/wp-json\/wp\/v2\/posts\/392\/revisions"}],"predecessor-version":[{"id":393,"href":"https:\/\/mernokvagyok.hu\/kozlekedesi\/wp-json\/wp\/v2\/posts\/392\/revisions\/393"}],"wp:attachment":[{"href":"https:\/\/mernokvagyok.hu\/kozlekedesi\/wp-json\/wp\/v2\/media?parent=392"}],"wp:term":[{"taxonomy":"category","embeddable":true,"href":"https:\/\/mernokvagyok.hu\/kozlekedesi\/wp-json\/wp\/v2\/categories?post=392"},{"taxonomy":"post_tag","embeddable":true,"href":"https:\/\/mernokvagyok.hu\/kozlekedesi\/wp-json\/wp\/v2\/tags?post=392"}],"curies":[{"name":"wp","href":"https:\/\/api.w.org\/{rel}","templated":true}]}}