{"id":390,"date":"2015-03-18T16:22:00","date_gmt":"2015-03-18T15:22:00","guid":{"rendered":"https:\/\/mernokvagyok.hu\/kozlekedesi\/?p=390"},"modified":"2021-04-27T16:25:12","modified_gmt":"2021-04-27T14:25:12","slug":"az-mmk-kozlekedesi-tagozatanak-szakmai-nyilatkozata","status":"publish","type":"post","link":"https:\/\/mernokvagyok.hu\/kozlekedesi\/az-mmk-kozlekedesi-tagozatanak-szakmai-nyilatkozata\/","title":{"rendered":"Az MMK K\u00f6zleked\u00e9si Tagozat\u00e1nak szakmai nyilatkozata"},"content":{"rendered":"\n<p>2015. janu\u00e1r 25-\u00e9n megcs\u00faszott a Kelenf\u00f6ldet \u00e9s a D\u00e9li p\u00e1lyaudvart \u00f6sszek\u00f6t\u0151 alag\u00fat d\u00e9li bej\u00e1rata melletti r\u00e9zs\u0171. N\u00e9h\u00e1ny napra r\u00e1 tov\u00e1bbi r\u00e9zs\u0171mozg\u00e1sok, illetve a hely\u00fckr\u0151l elmozdult kapuzati k\u0151elemek miatt az \u00fczemeltet\u0151 teljes v\u00e1g\u00e1nyz\u00e1rat rendelt el.<\/p>\n\n\n\n<p>Az elm\u00falt id\u0151szakban t\u00f6bb sajt\u00f3h\u00edr is megjelent a D\u00e9li p\u00e1lyaudvar p\u00f3tl\u00e1s n\u00e9lk\u00fcli megsz\u00fcntet\u00e9s\u00e9vel kapcsolatban. Ezek egy r\u00e9sze arr\u00f3l sz\u00f3lt, hogy a Nemzeti Fejleszt\u00e9si Miniszt\u00e9rium vizsg\u00e1lja a p\u00e1lyaudvar megsz\u00fcntet\u00e9s\u00e9nek lehet\u0151s\u00e9g\u00e9t is.<\/p>\n\n\n\n<p>A D\u00e9li p\u00e1lyaudvarnak az 1861. \u00e9vi megnyit\u00e1sa \u00f3ta jelent\u0151s szerepe van az orsz\u00e1g vas\u00fati k\u00f6zleked\u00e9sben bet\u00f6lt\u00f6tt szerepe jelent\u0151s, a f\u0151v\u00e1ros nyugati, d\u00e9lnyugati el\u0151v\u00e1rosi forgalm\u00e1t alig p\u00f3tolhat\u00f3an szolg\u00e1lja ki, v\u00e1rosk\u00f6zponti elhelyezked\u00e9s\u00e9b\u0151l, metr\u00f3- \u00e9s villamoskapcsolataib\u00f3l ered\u0151en Budapesten bel\u00fcli szerkezeti poz\u00edci\u00f3i kiv\u00e1l\u00f3ak.<\/p>\n\n\n\n<p>A kor\u00e1bbi \u00e9vekben is id\u0151r\u0151l id\u0151re felmer\u00fclt a p\u00e1lyaudvar \u00e1talak\u00edt\u00e1s\u00e1nak, megsz\u00fcntet\u00e9s\u00e9nek gondolata. Az \u00fczemeltet\u0151 bevon\u00e1s\u00e1val legut\u00f3bb 2001-ben k\u00e9sz\u00fclt \u00e1tfog\u00f3 vizsg\u00e1lat. E vizsg\u00e1lat \u00e9s m\u00e1s tanulm\u00e1nyok is arra az eredm\u00e9nyre jutottak, hogy a p\u00e1lyaudvar megsz\u00fcntet\u00e9se szolg\u00e1ltat\u00e1smin\u0151s\u00e9gi, h\u00e1l\u00f3zatfejleszt\u00e9si \u00e9s szerkezeti szempontok alapj\u00e1n egyar\u00e1nt indokolatlan, feladatk\u00f6re a f\u0151v\u00e1ros vas\u00fath\u00e1l\u00f3zati rendszer\u00e9ben nem vagy csak rendk\u00edv\u00fcl nagy k\u00f6lts\u00e9gig\u00e9nnyel \u00e9s az \u00e9rintett utaz\u00f3k\u00f6z\u00f6ns\u00e9get h\u00e1tr\u00e1nyosan \u00e9rint\u0151en p\u00f3tolhat\u00f3. A legut\u00f3bbi \u00e9vek k\u00f6z\u00f6ss\u00e9gi k\u00f6zleked\u00e9st el\u0151t\u00e9rbe helyez\u0151 szakmapolitikai t\u00f6rekv\u00e9sei, a tervezett S-Bahn-k\u00f6zleked\u00e9s kifejleszt\u00e9se, a f\u0151v\u00e1rosi behajt\u00e1si d\u00edj (dug\u00f3d\u00edj) v\u00e1rt bevezet\u00e9se k\u00fcl\u00f6n\u00f6sen indokolj\u00e1k, hogy a legnagyobb forgalmi terhel\u00e9st fogad\u00f3 d\u00e9lnyugati v\u00e1rosr\u00e9sz fogad\u00f3 vas\u00fati kapacit\u00e1sai ne cs\u00f6kkenjenek, hanem ink\u00e1bb n\u00f6vekedjenek.<\/p>\n\n\n\n<figure class=\"wp-block-image size-large\"><img fetchpriority=\"high\" decoding=\"async\" width=\"4288\" height=\"2848\" src=\"https:\/\/mernokvagyok.hu\/kozlekedesi\/wp-content\/uploads\/2021\/04\/Budapest_De\u0301li_pa\u0301lyaudvar_5.jpeg\" alt=\"\" class=\"wp-image-382\" \/><figcaption>Forr\u00e1s: <a href=\"https:\/\/commons.wikimedia.org\/wiki\/File:Budapest,_D%C3%A9li_p%C3%A1lyaudvar,_5.jpg\" target=\"_blank\" rel=\"noreferrer noopener\">Wikipedia Commons<\/a><\/figcaption><\/figure>\n\n\n\n<p>Term\u00e9szetes, hogy a p\u00e1lyaudvar esetleges megsz\u00fcntet\u00e9se kapcs\u00e1n t\u00f6bbsz\u00f6r felmer\u00fclt m\u00e1r a ma vas\u00fati \u00fczemi ter\u00fcletek \u00e1ltal elfoglalt, \u00e9rt\u00e9kes bel-budai ter\u00fcletek hat\u00e9konyabb haszn\u00e1lat\u00e1nak jogos gondolata is. C\u00e9lzott tanulm\u00e1nyok \u00e9s k\u00fclf\u00f6ldi p\u00e9ld\u00e1k azonban egyar\u00e1nt igazolj\u00e1k, hogy a vas\u00fati forgalmi funkci\u00f3k meg\u0151rz\u00e9se \u00e9s az \u00e9rintett ter\u00fclet ingatlanfejleszt\u00e9se nemhogy egym\u00e1st kiz\u00e1r\u00f3, hanem ink\u00e1bb egym\u00e1st er\u0151s\u00edt\u0151 v\u00e1rosfejleszt\u00e9si es\u00e9ly lehet.<\/p>\n\n\n\n<p>Fentiek \u00e9rtelm\u00e9ben a Magyar M\u00e9rn\u00f6ki Kamara K\u00f6zleked\u00e9si Tagozata nem \u00e9rt egyet a D\u00e9li p\u00e1lyaudvar megsz\u00fcntet\u00e9s\u00e9vel, hanem azzal a javaslattal \u00e9l, hogy a megsz\u00fcntet\u00e9se helyett ink\u00e1bb arra ir\u00e1nyuljanak a t\u00f6rekv\u00e9sek, hogy jobban beilleszkedjen a v\u00e1rosszerkezet sz\u00f6vet\u00e9be.<\/p>\n\n\n\n<p>Mindemellett a kamara szakemberei ismernek olyan \u00e9p\u00edt\u00e9si, \u00e9p\u00edt\u00e9sszervez\u00e9si, munkabiztons\u00e1gi megold\u00e1sokat, amelyek lehet\u0151v\u00e9 tenn\u00e9k, hogy az el\u0151\u00e1llt r\u00e9zs\u0171cs\u00fasz\u00e1s helyre\u00e1ll\u00edt\u00e1si munk\u00e1latai a vas\u00fati forgalom minim\u00e1lis idej\u0171 zavar\u00e1s\u00e1val t\u00f6rt\u00e9njenek.<\/p>\n\n\n\n<p>Kamar\u00e1nk szakemberei k\u00e9szs\u00e9ggel \u00e1llnak a d\u00f6nt\u00e9sek meghoz\u00f3inak rendelkez\u00e9s\u00e9re jelen \u00fcggyel kapcsolatban \u00e9pp\u00fagy, mint m\u00e1s, hasonl\u00f3 esetek elker\u00fcl\u00e9se vagy szakszer\u0171, gyors k\u00e1renyh\u00edt\u00e9se \u00e9rdek\u00e9ben.<\/p>\n\n\n\n<p>MMK K\u00f6zleked\u00e9si Tagozat Eln\u00f6ks\u00e9ge<\/p>\n","protected":false},"excerpt":{"rendered":"<p>2015. janu\u00e1r 25-\u00e9n megcs\u00faszott a Kelenf\u00f6ldet \u00e9s a D\u00e9li p\u00e1lyaudvart \u00f6sszek\u00f6t\u0151 alag\u00fat d\u00e9li bej\u00e1rata melletti r\u00e9zs\u0171. N\u00e9h\u00e1ny napra r\u00e1 tov\u00e1bbi r\u00e9zs\u0171mozg\u00e1sok, illetve a hely\u00fckr\u0151l elmozdult kapuzati k\u0151elemek miatt az \u00fczemeltet\u0151 teljes v\u00e1g\u00e1nyz\u00e1rat rendelt el. Az elm\u00falt id\u0151szakban t\u00f6bb sajt\u00f3h\u00edr is megjelent a D\u00e9li p\u00e1lyaudvar p\u00f3tl\u00e1s n\u00e9lk\u00fcli megsz\u00fcntet\u00e9s\u00e9vel kapcsolatban. Ezek egy r\u00e9sze arr\u00f3l sz\u00f3lt, hogy a [&hellip;]<\/p>\n","protected":false},"author":873,"featured_media":0,"comment_status":"closed","ping_status":"closed","sticky":false,"template":"","format":"standard","meta":{"footnotes":""},"categories":[15],"tags":[53,77,75],"class_list":["post-390","post","type-post","status-publish","format-standard","hentry","category-szakmai-allasfoglalasok","tag-allasfoglalas","tag-nyilatkozat","tag-szakmai"],"_links":{"self":[{"href":"https:\/\/mernokvagyok.hu\/kozlekedesi\/wp-json\/wp\/v2\/posts\/390","targetHints":{"allow":["GET"]}}],"collection":[{"href":"https:\/\/mernokvagyok.hu\/kozlekedesi\/wp-json\/wp\/v2\/posts"}],"about":[{"href":"https:\/\/mernokvagyok.hu\/kozlekedesi\/wp-json\/wp\/v2\/types\/post"}],"author":[{"embeddable":true,"href":"https:\/\/mernokvagyok.hu\/kozlekedesi\/wp-json\/wp\/v2\/users\/873"}],"replies":[{"embeddable":true,"href":"https:\/\/mernokvagyok.hu\/kozlekedesi\/wp-json\/wp\/v2\/comments?post=390"}],"version-history":[{"count":1,"href":"https:\/\/mernokvagyok.hu\/kozlekedesi\/wp-json\/wp\/v2\/posts\/390\/revisions"}],"predecessor-version":[{"id":391,"href":"https:\/\/mernokvagyok.hu\/kozlekedesi\/wp-json\/wp\/v2\/posts\/390\/revisions\/391"}],"wp:attachment":[{"href":"https:\/\/mernokvagyok.hu\/kozlekedesi\/wp-json\/wp\/v2\/media?parent=390"}],"wp:term":[{"taxonomy":"category","embeddable":true,"href":"https:\/\/mernokvagyok.hu\/kozlekedesi\/wp-json\/wp\/v2\/categories?post=390"},{"taxonomy":"post_tag","embeddable":true,"href":"https:\/\/mernokvagyok.hu\/kozlekedesi\/wp-json\/wp\/v2\/tags?post=390"}],"curies":[{"name":"wp","href":"https:\/\/api.w.org\/{rel}","templated":true}]}}