{"id":381,"date":"2016-01-06T15:59:00","date_gmt":"2016-01-06T14:59:00","guid":{"rendered":"https:\/\/mernokvagyok.hu\/kozlekedesi\/?p=381"},"modified":"2021-04-27T16:02:10","modified_gmt":"2021-04-27T14:02:10","slug":"az-mmk-kozlekedesi-tagozatanak-szakmai-allasfoglalasa","status":"publish","type":"post","link":"https:\/\/mernokvagyok.hu\/kozlekedesi\/az-mmk-kozlekedesi-tagozatanak-szakmai-allasfoglalasa\/","title":{"rendered":"Az MMK K\u00f6zleked\u00e9si Tagozat\u00e1nak szakmai \u00e1ll\u00e1sfoglal\u00e1sa"},"content":{"rendered":"\n<p>Az elm\u00falt napokban t\u00f6bb sajt\u00f3h\u00edr is megjelent a D\u00e9li p\u00e1lyaudvar megsz\u00fcntet\u00e9s\u00e9vel kapcsolatban. <strong>A Magyar M\u00e9rn\u00f6ki Kamara K\u00f6zleked\u00e9si Tagozat\u00e1nak Eln\u00f6ks\u00e9ge, a 2015 \u00e9v eleji \u00e1ll\u00e1sfoglal\u00e1s\u00e1hoz hasonl\u00f3an, ism\u00e9telten felh\u00edvja a d\u00f6nt\u00e9shoz\u00f3k figyelm\u00e9t a megsz\u00fcntet\u00e9s vesz\u00e9lyeire.<\/strong><\/p>\n\n\n\n<p><strong>A D\u00e9li p\u00e1lyaudvar szerepe 1861 \u00f3ta jelent\u0151s az orsz\u00e1g vas\u00fati k\u00f6zleked\u00e9s\u00e9ben. <\/strong>A dun\u00e1nt\u00fali, egyben a balatoni vas\u00fatforgalom visel\u00e9se mellett a f\u0151v\u00e1ros nyugati, d\u00e9lnyugati el\u0151v\u00e1rosi forgalm\u00e1t is alig p\u00f3tolhat\u00f3an szolg\u00e1lja ki, v\u00e1rosk\u00f6zponti elhelyezked\u00e9s\u00e9b\u0151l, metr\u00f3- \u00e9s villamoskapcsolataib\u00f3l ered\u0151en Budapesten bel\u00fcli szerkezeti poz\u00edci\u00f3i kiv\u00e1l\u00f3ak.<\/p>\n\n\n\n<figure class=\"wp-block-image size-large\"><img fetchpriority=\"high\" decoding=\"async\" width=\"4288\" height=\"2848\" src=\"https:\/\/mernokvagyok.hu\/kozlekedesi\/wp-content\/uploads\/2021\/04\/Budapest_De\u0301li_pa\u0301lyaudvar_5.jpeg\" alt=\"\" class=\"wp-image-382\" \/><figcaption>Forr\u00e1s: <a href=\"https:\/\/commons.wikimedia.org\/wiki\/File:Budapest,_D%C3%A9li_p%C3%A1lyaudvar,_5.jpg\" target=\"_blank\" rel=\"noreferrer noopener\">Wikipedia Commons<\/a><\/figcaption><\/figure>\n\n\n\n<p>A kor\u00e1bbi \u00e9vekben is id\u0151r\u0151l id\u0151re felmer\u00fclt a p\u00e1lyaudvar \u00e1talak\u00edt\u00e1s\u00e1nak, megsz\u00fcntet\u00e9s\u00e9nek gondolata, az \u00fczemeltet\u0151 bevon\u00e1s\u00e1val legut\u00f3bb 2001-ben k\u00e9sz\u00fclt \u00e1tfog\u00f3 vizsg\u00e1lat. E vizsg\u00e1lat \u00e9s m\u00e1s tanulm\u00e1nyok is arra az eredm\u00e9nyre jutottak, hogy a p\u00e1lyaudvar megsz\u00fcntet\u00e9se szolg\u00e1ltat\u00e1smin\u0151s\u00e9gi, h\u00e1l\u00f3zatfejleszt\u00e9si \u00e9s szerkezeti szempontok alapj\u00e1n egyar\u00e1nt indokolatlan. A D\u00e9li p\u00e1lyaudvar feladatk\u00f6re a f\u0151v\u00e1ros vas\u00fath\u00e1l\u00f3zati rendszer\u00e9ben nem vagy csak rendk\u00edv\u00fcl nagy k\u00f6lts\u00e9gig\u00e9nnyel \u00e9s az \u00e9rintett utaz\u00f3k\u00f6z\u00f6ns\u00e9get h\u00e1tr\u00e1nyosan \u00e9rint\u0151en p\u00f3tolhat\u00f3. A legut\u00f3bbi \u00e9vek k\u00f6z\u00f6ss\u00e9gi k\u00f6zleked\u00e9st el\u0151t\u00e9rbe helyez\u0151 szakmapolitikai t\u00f6rekv\u00e9sei, a tervezett S-Bahn-k\u00f6zleked\u00e9s fejleszt\u00e9se, a f\u0151v\u00e1rosi behajt\u00e1si d\u00edj (dug\u00f3d\u00edj) v\u00e1rt bevezet\u00e9se k\u00fcl\u00f6n\u00f6sen indokolj\u00e1k, hogy a legnagyobb forgalmi terhel\u00e9st fogad\u00f3 d\u00e9lnyugati v\u00e1rosr\u00e9sz vas\u00fati kapacit\u00e1sai ne cs\u00f6kkenjenek, hanem ink\u00e1bb n\u00f6vekedjenek.<\/p>\n\n\n\n<p>Term\u00e9szetes, hogy a p\u00e1lyaudvar esetleges megsz\u00fcntet\u00e9se kapcs\u00e1n t\u00f6bbsz\u00f6r felmer\u00fclt a vas\u00fati \u00fczemi ter\u00fcletek \u00e1ltal elfoglalt, \u00e9rt\u00e9kes bel-budai ter\u00fcletek hat\u00e9konyabb haszn\u00e1lat\u00e1nak jogos gondolata is. C\u00e9lzott tanulm\u00e1nyok \u00e9s k\u00fclf\u00f6ldi p\u00e9ld\u00e1k azonban egyar\u00e1nt igazolj\u00e1k, hogy a vas\u00fat szem\u00e9lyforgalmi funkci\u00f3inak meg\u0151rz\u00e9se \u00e9s az \u00e9rintett ter\u00fclet ingatlanfejleszt\u00e9se egym\u00e1st er\u0151s\u00edthetik.<\/p>\n\n\n\n<p><strong>Fentiek \u00e9rtelm\u00e9ben a Magyar M\u00e9rn\u00f6ki Kamara K\u00f6zleked\u00e9si Tagozata nem \u00e9rt egyet a D\u00e9li p\u00e1lyaudvar megsz\u00fcntet\u00e9s\u00e9vel.<\/strong><\/p>\n\n\n\n<p>T\u00e1mogatjuk a p\u00e1lyaudvar feleslegesnek mutatkoz\u00f3 \u00fczemi \u00e9s egy\u00e9b ter\u00fcleteinek m\u00e1s c\u00e9l\u00fa felhaszn\u00e1l\u00e1s\u00e1t, k\u00f6zpark, P+R parkol\u00f3 l\u00e9tes\u00edt\u00e9s\u00e9nek, illetve egy\u00e9b ingatlanfejleszt\u00e9sek c\u00e9lj\u00e1b\u00f3l, de csak a megtartand\u00f3 vas\u00fati szem\u00e9lyk\u00f6zleked\u00e9si l\u00e9tes\u00edtm\u00e9nyek mell\u00e9-, al\u00e1- vagy f\u00f6l\u00e9\u00e9p\u00edt\u00e9s\u00e9vel.<\/p>\n\n\n\n<p>Kamar\u00e1nk szakemberei k\u00e9szs\u00e9ggel \u00e1llnak e d\u00f6nt\u00e9sek el\u0151k\u00e9sz\u00edt\u00e9s\u00e9ben a r\u00e9sztvev\u0151k rendelkez\u00e9s\u00e9re.<\/p>\n\n\n\n<p>Budapest, 2016. janu\u00e1r 6.<\/p>\n\n\n\n<p>MMK K\u00f6zleked\u00e9si Tagozat Eln\u00f6ks\u00e9ge<\/p>\n","protected":false},"excerpt":{"rendered":"<p>Az elm\u00falt napokban t\u00f6bb sajt\u00f3h\u00edr is megjelent a D\u00e9li p\u00e1lyaudvar megsz\u00fcntet\u00e9s\u00e9vel kapcsolatban. A Magyar M\u00e9rn\u00f6ki Kamara K\u00f6zleked\u00e9si Tagozat\u00e1nak Eln\u00f6ks\u00e9ge, a 2015 \u00e9v eleji \u00e1ll\u00e1sfoglal\u00e1s\u00e1hoz hasonl\u00f3an, ism\u00e9telten felh\u00edvja a d\u00f6nt\u00e9shoz\u00f3k figyelm\u00e9t a megsz\u00fcntet\u00e9s vesz\u00e9lyeire. A D\u00e9li p\u00e1lyaudvar szerepe 1861 \u00f3ta jelent\u0151s az orsz\u00e1g vas\u00fati k\u00f6zleked\u00e9s\u00e9ben. A dun\u00e1nt\u00fali, egyben a balatoni vas\u00fatforgalom visel\u00e9se mellett a f\u0151v\u00e1ros nyugati, [&hellip;]<\/p>\n","protected":false},"author":873,"featured_media":250,"comment_status":"closed","ping_status":"closed","sticky":false,"template":"","format":"standard","meta":{"footnotes":""},"categories":[15],"tags":[53,76,75],"class_list":["post-381","post","type-post","status-publish","format-standard","has-post-thumbnail","hentry","category-szakmai-allasfoglalasok","tag-allasfoglalas","tag-deli-palyaudvar","tag-szakmai"],"_links":{"self":[{"href":"https:\/\/mernokvagyok.hu\/kozlekedesi\/wp-json\/wp\/v2\/posts\/381","targetHints":{"allow":["GET"]}}],"collection":[{"href":"https:\/\/mernokvagyok.hu\/kozlekedesi\/wp-json\/wp\/v2\/posts"}],"about":[{"href":"https:\/\/mernokvagyok.hu\/kozlekedesi\/wp-json\/wp\/v2\/types\/post"}],"author":[{"embeddable":true,"href":"https:\/\/mernokvagyok.hu\/kozlekedesi\/wp-json\/wp\/v2\/users\/873"}],"replies":[{"embeddable":true,"href":"https:\/\/mernokvagyok.hu\/kozlekedesi\/wp-json\/wp\/v2\/comments?post=381"}],"version-history":[{"count":1,"href":"https:\/\/mernokvagyok.hu\/kozlekedesi\/wp-json\/wp\/v2\/posts\/381\/revisions"}],"predecessor-version":[{"id":383,"href":"https:\/\/mernokvagyok.hu\/kozlekedesi\/wp-json\/wp\/v2\/posts\/381\/revisions\/383"}],"wp:featuredmedia":[{"embeddable":true,"href":"https:\/\/mernokvagyok.hu\/kozlekedesi\/wp-json\/wp\/v2\/media\/250"}],"wp:attachment":[{"href":"https:\/\/mernokvagyok.hu\/kozlekedesi\/wp-json\/wp\/v2\/media?parent=381"}],"wp:term":[{"taxonomy":"category","embeddable":true,"href":"https:\/\/mernokvagyok.hu\/kozlekedesi\/wp-json\/wp\/v2\/categories?post=381"},{"taxonomy":"post_tag","embeddable":true,"href":"https:\/\/mernokvagyok.hu\/kozlekedesi\/wp-json\/wp\/v2\/tags?post=381"}],"curies":[{"name":"wp","href":"https:\/\/api.w.org\/{rel}","templated":true}]}}