{"id":2034,"date":"2026-03-12T12:11:19","date_gmt":"2026-03-12T11:11:19","guid":{"rendered":"https:\/\/mernokvagyok.hu\/kozlekedesi\/?p=2034"},"modified":"2026-03-12T12:11:23","modified_gmt":"2026-03-12T11:11:23","slug":"nekrolog-dr-katona-andras-1938-2026","status":"publish","type":"post","link":"https:\/\/mernokvagyok.hu\/kozlekedesi\/nekrolog-dr-katona-andras-1938-2026\/","title":{"rendered":"Nekrol\u00f3g &#8211; Dr. Katona Andr\u00e1s (1938-2026)"},"content":{"rendered":"\n<p>M\u00e9ly megrend\u00fcl\u00e9ssel tudatjuk, hogy Dr. Katona Andr\u00e1s, a magyar k\u00f6zleked\u00e9si szakma \u00e9s sport\u00e9let kiv\u00e9teles alakja, a K\u00f6zleked\u00e9studom\u00e1nyi Egyes\u00fclet egykori f\u0151titk\u00e1ra, a K\u00f6zleked\u00e9studom\u00e1nyi Szemle f\u0151szerkeszt\u0151je, 88 \u00e9ves kor\u00e1ban elhunyt.<\/p>\n\n\n\n<p>Dr. Katona Andr\u00e1s rendk\u00edv\u00fcli \u00e9let\u00fatja ritka m\u00f3don kapcsolta \u00f6ssze a vil\u00e1gszint\u0171 sportteljes\u00edtm\u00e9nyt, a k\u00f6zleked\u00e9s szakmai-igazgat\u00e1si cs\u00facsfeladatait \u00e9s a szakmai-civil k\u00f6z\u00f6ss\u00e9g\u00e9p\u00edt\u00e9st. Az 1960-as r\u00f3mai olimpi\u00e1n bronz\u00e9rmes v\u00edzilabd\u00e1z\u00f3k\u00e9nt, k\u00e9tszeres Eur\u00f3pa-bajnokk\u00e9nt (1958, 1962) \u00e9s Universiade-gy\u0151ztesk\u00e9nt \u00edrta be mag\u00e1t a magyar sportt\u00f6rt\u00e9netbe.<\/p>\n\n\n\n<p>A sportp\u00e1lyafut\u00e1st k\u00f6vet\u0151en tud\u00e1s\u00e1t \u00e9s fegyelm\u00e9t a k\u00f6zleked\u00e9s szolg\u00e1lat\u00e1ba \u00e1ll\u00edtotta: k\u00f6zleked\u00e9sm\u00e9rn\u00f6ki diplom\u00e1t szerzett, majd a szakmai-k\u00f6zigazgat\u00e1si p\u00e1ly\u00e1n a M\u00c1V \u00e9s a miniszt\u00e9riumi strukt\u00far\u00e1k meghat\u00e1roz\u00f3 vezet\u0151jek\u00e9nt dolgozott. 1990-t\u0151l a K\u00f6zleked\u00e9si M\u00fazeum f\u0151igazgat\u00f3ja lett, k\u00e9s\u0151bb oktat\u00f3i tev\u00e9kenys\u00e9get is v\u00e1llalt, \u00e9s 1997-ben k\u00f6zleked\u00e9sm\u00e9rn\u00f6ki doktori c\u00edmet szerzett.<\/p>\n\n\n\n<p>A K\u00f6zleked\u00e9studom\u00e1nyi Egyes\u00fcletben v\u00e9gzett munk\u00e1ja k\u00fcl\u00f6n fejezet. 1995-t\u0151l az Egyes\u00fclet f\u0151titk\u00e1ra, a k\u00f6z\u00f6ss\u00e9g\u00e9rt v\u00e9gzett, hossz\u00fa t\u00e1von \u00e9p\u00edtkez\u0151 szolg\u00e1lat\u00e1nak jelk\u00e9pe lett; n\u00e9gy cikluson \u00e1t, 16 \u00e9ven kereszt\u00fcl l\u00e1tta el a f\u0151titk\u00e1ri feladatokat. A KTE orsz\u00e1gos kiterjedts\u00e9g\u00e9t, a k\u00f6zleked\u00e9si spektrum eg\u00e9sz\u00e9t \u00e1tfog\u00f3 szeml\u00e9let\u00e9t \u00e9s a szakmai preszt\u00edzst k\u00f6vetkezetesen k\u00e9pviselte \u2013 k\u00fcl\u00f6n hangs\u00fallyal a vas\u00fat \u00e9s a k\u00f6z\u00fat szakmai k\u00f6z\u00f6ss\u00e9geire, valamint a fiatalok bevon\u00e1s\u00e1nak fontoss\u00e1g\u00e1ra.<\/p>\n\n\n\n<p>2007-t\u0151l \u00e1tvette a K\u00f6zleked\u00e9studom\u00e1nyi Szemle f\u0151szerkeszt\u0151i feladatait, \u00e9s \u00e9vtizedeken \u00e1t meghat\u00e1roz\u00f3 szerepet j\u00e1tszott abban, hogy a lap szakmai sz\u00ednvonala \u00e9s tekint\u00e9lye fennmaradjon.<\/p>\n\n\n\n<p>Dr. Katona Andr\u00e1st a Magyar Olimpiai Bizotts\u00e1g saj\u00e1t halottj\u00e1nak tekinti; a sportt\u00e1rsadalom \u00e9s a k\u00f6zleked\u00e9si szakma egyar\u00e1nt gy\u00e1szolja.<\/p>\n\n\n\n<p>Eml\u00e9k\u00e9t meg\u0151rizz\u00fck.<\/p>\n\n\n\n<p>\u0150szinte r\u00e9szv\u00e9t\u00fcnket fejezz\u00fck ki a csal\u00e1dnak, bar\u00e1tainak, sportt\u00e1rsainak \u00e9s mindazoknak, akik vele dolgozhattak a KTE-ben \u00e9s a k\u00f6zleked\u00e9si k\u00f6z\u00e9letben.<\/p>\n\n\n\n<p><a href=\"https:\/\/mernokvagyok.hu\/kozlekedesi\/wp-content\/uploads\/2026\/03\/Dr_Katona_Andras_nekrolog.pdf\">Nekrol\u00f3g &#8211; Dr. Katona Andr\u00e1s <\/a><\/p>\n","protected":false},"excerpt":{"rendered":"<p>M\u00e9ly megrend\u00fcl\u00e9ssel tudatjuk, hogy Dr. Katona Andr\u00e1s, a magyar k\u00f6zleked\u00e9si szakma \u00e9s sport\u00e9let kiv\u00e9teles alakja, a K\u00f6zleked\u00e9studom\u00e1nyi Egyes\u00fclet egykori f\u0151titk\u00e1ra, a K\u00f6zleked\u00e9studom\u00e1nyi Szemle f\u0151szerkeszt\u0151je, 88 \u00e9ves kor\u00e1ban elhunyt. Dr. Katona Andr\u00e1s rendk\u00edv\u00fcli \u00e9let\u00fatja ritka m\u00f3don kapcsolta \u00f6ssze a vil\u00e1gszint\u0171 sportteljes\u00edtm\u00e9nyt, a k\u00f6zleked\u00e9s szakmai-igazgat\u00e1si cs\u00facsfeladatait \u00e9s a szakmai-civil k\u00f6z\u00f6ss\u00e9g\u00e9p\u00edt\u00e9st. Az 1960-as r\u00f3mai olimpi\u00e1n bronz\u00e9rmes v\u00edzilabd\u00e1z\u00f3k\u00e9nt, k\u00e9tszeres [&hellip;]<\/p>\n","protected":false},"author":10,"featured_media":0,"comment_status":"open","ping_status":"open","sticky":false,"template":"","format":"standard","meta":{"footnotes":""},"categories":[35],"tags":[],"class_list":["post-2034","post","type-post","status-publish","format-standard","hentry","category-a-szakma-nagyjai"],"_links":{"self":[{"href":"https:\/\/mernokvagyok.hu\/kozlekedesi\/wp-json\/wp\/v2\/posts\/2034","targetHints":{"allow":["GET"]}}],"collection":[{"href":"https:\/\/mernokvagyok.hu\/kozlekedesi\/wp-json\/wp\/v2\/posts"}],"about":[{"href":"https:\/\/mernokvagyok.hu\/kozlekedesi\/wp-json\/wp\/v2\/types\/post"}],"author":[{"embeddable":true,"href":"https:\/\/mernokvagyok.hu\/kozlekedesi\/wp-json\/wp\/v2\/users\/10"}],"replies":[{"embeddable":true,"href":"https:\/\/mernokvagyok.hu\/kozlekedesi\/wp-json\/wp\/v2\/comments?post=2034"}],"version-history":[{"count":1,"href":"https:\/\/mernokvagyok.hu\/kozlekedesi\/wp-json\/wp\/v2\/posts\/2034\/revisions"}],"predecessor-version":[{"id":2035,"href":"https:\/\/mernokvagyok.hu\/kozlekedesi\/wp-json\/wp\/v2\/posts\/2034\/revisions\/2035"}],"wp:attachment":[{"href":"https:\/\/mernokvagyok.hu\/kozlekedesi\/wp-json\/wp\/v2\/media?parent=2034"}],"wp:term":[{"taxonomy":"category","embeddable":true,"href":"https:\/\/mernokvagyok.hu\/kozlekedesi\/wp-json\/wp\/v2\/categories?post=2034"},{"taxonomy":"post_tag","embeddable":true,"href":"https:\/\/mernokvagyok.hu\/kozlekedesi\/wp-json\/wp\/v2\/tags?post=2034"}],"curies":[{"name":"wp","href":"https:\/\/api.w.org\/{rel}","templated":true}]}}