{"id":2032,"date":"2026-03-12T12:02:14","date_gmt":"2026-03-12T11:02:14","guid":{"rendered":"https:\/\/mernokvagyok.hu\/kozlekedesi\/?p=2032"},"modified":"2026-03-12T12:02:18","modified_gmt":"2026-03-12T11:02:18","slug":"jeloltallitasi-felhivas-kozlekedesi-tagozat","status":"publish","type":"post","link":"https:\/\/mernokvagyok.hu\/kozlekedesi\/jeloltallitasi-felhivas-kozlekedesi-tagozat\/","title":{"rendered":"Jel\u00f6lt\u00e1ll\u00edt\u00e1si felh\u00edv\u00e1s &#8211; K\u00f6zleked\u00e9si tagozat"},"content":{"rendered":"\n<p>A Magyar M\u00e9rn\u00f6ki Kamara K\u00f6zleked\u00e9si Tagozat\u00e1nak eln\u00f6ks\u00e9ge <strong>2026. m\u00e1jus 8-<\/strong>ra tiszt\u00faj\u00edt\u00f3 k\u00fcld\u00f6ttgy\u0171l\u00e9st h\u00edv \u00f6ssze. Az eln\u00f6ks\u00e9g 230. sz. eln\u00f6ks\u00e9gi \u00fcl\u00e9s\u00e9n megv\u00e1lasztotta a 7 tag\u00fa V\u00e1laszt\u00e1si Jel\u00f6l\u0151 Bizotts\u00e1got, melynek tagjai: Felm\u00e9ri B\u00e9la, Hajnal J\u00e1nos, Mih\u00e1lffy Krisztina, Vass G\u00e1bor, Barna Zsolt, T\u00f3thn\u00e9 Temesi Kinga, V\u00e1mosi Attila.<\/p>\n\n\n\n<p>A VJB 2026. febru\u00e1r 4-\u00e9n tartott alakul\u00f3 \u00fcl\u00e9s\u00e9n a jelenl\u00e9v\u0151 tagok megv\u00e1lasztott\u00e1k maguk k\u00f6z\u00fcl Hajnal J\u00e1nost a V\u00e1laszt\u00e1si Jel\u00f6l\u0151bizotts\u00e1g eln\u00f6k\u00e9nek.<\/p>\n\n\n\n<p>A Jel\u00f6l\u0151 Bizotts\u00e1g el\u00e9rhet\u0151s\u00e9ge: <a href=\"mailto:kzt.jeloles@mmk.hu\">kzt.jeloles@mmk.hu<\/a><\/p>\n\n\n\n<p>Felk\u00e9rj\u00fck a Tagozat tagjait, hogy vegyenek r\u00e9szt a jel\u00f6lt\u00e1ll\u00edt\u00e1sban. Jel\u00f6l\u00e9sre jogosultak azok a kamarai tagok, akik tagjai a K\u00f6zleked\u00e9si Tagozatnak.<\/p>\n\n\n\n<p>A jel\u00f6l\u00e9s hat\u00e1rideje: <strong>2026. \u00e1prilis 10. 23:59-ig<\/strong> &#8211; <strong>A jel\u00f6l\u00e9si hat\u00e1rid\u0151 lej\u00e1rta ut\u00e1n tov\u00e1bbi<\/strong> <strong>jel\u00f6l\u00e9s befogad\u00e1s\u00e1ra nincs lehet\u0151s\u00e9g.<\/strong><\/p>\n\n\n\n<p><a href=\"https:\/\/mernokvagyok.hu\/kozlekedesi\/wp-content\/uploads\/2026\/03\/Jeloltallitasi_felhivas_KZT.pdf\">Jel\u00f6lt\u00e1ll\u00edt\u00e1si felh\u00edv\u00e1s PDF<\/a><\/p>\n\n\n\n<p><a href=\"https:\/\/mernokvagyok.hu\/kozlekedesi\/wp-content\/uploads\/2026\/03\/Jelolo_lap.pdf\">Jel\u00f6l\u0151 lap <\/a><\/p>\n\n\n\n<p><\/p>\n","protected":false},"excerpt":{"rendered":"<p>A Magyar M\u00e9rn\u00f6ki Kamara K\u00f6zleked\u00e9si Tagozat\u00e1nak eln\u00f6ks\u00e9ge 2026. m\u00e1jus 8-ra tiszt\u00faj\u00edt\u00f3 k\u00fcld\u00f6ttgy\u0171l\u00e9st h\u00edv \u00f6ssze. Az eln\u00f6ks\u00e9g 230. sz. eln\u00f6ks\u00e9gi \u00fcl\u00e9s\u00e9n megv\u00e1lasztotta a 7 tag\u00fa V\u00e1laszt\u00e1si Jel\u00f6l\u0151 Bizotts\u00e1got, melynek tagjai: Felm\u00e9ri B\u00e9la, Hajnal J\u00e1nos, Mih\u00e1lffy Krisztina, Vass G\u00e1bor, Barna Zsolt, T\u00f3thn\u00e9 Temesi Kinga, V\u00e1mosi Attila. A VJB 2026. febru\u00e1r 4-\u00e9n tartott alakul\u00f3 \u00fcl\u00e9s\u00e9n a jelenl\u00e9v\u0151 tagok [&hellip;]<\/p>\n","protected":false},"author":10,"featured_media":0,"comment_status":"open","ping_status":"open","sticky":false,"template":"","format":"standard","meta":{"footnotes":""},"categories":[9],"tags":[],"class_list":["post-2032","post","type-post","status-publish","format-standard","hentry","category-tagozati-rendezvenyek"],"_links":{"self":[{"href":"https:\/\/mernokvagyok.hu\/kozlekedesi\/wp-json\/wp\/v2\/posts\/2032","targetHints":{"allow":["GET"]}}],"collection":[{"href":"https:\/\/mernokvagyok.hu\/kozlekedesi\/wp-json\/wp\/v2\/posts"}],"about":[{"href":"https:\/\/mernokvagyok.hu\/kozlekedesi\/wp-json\/wp\/v2\/types\/post"}],"author":[{"embeddable":true,"href":"https:\/\/mernokvagyok.hu\/kozlekedesi\/wp-json\/wp\/v2\/users\/10"}],"replies":[{"embeddable":true,"href":"https:\/\/mernokvagyok.hu\/kozlekedesi\/wp-json\/wp\/v2\/comments?post=2032"}],"version-history":[{"count":1,"href":"https:\/\/mernokvagyok.hu\/kozlekedesi\/wp-json\/wp\/v2\/posts\/2032\/revisions"}],"predecessor-version":[{"id":2033,"href":"https:\/\/mernokvagyok.hu\/kozlekedesi\/wp-json\/wp\/v2\/posts\/2032\/revisions\/2033"}],"wp:attachment":[{"href":"https:\/\/mernokvagyok.hu\/kozlekedesi\/wp-json\/wp\/v2\/media?parent=2032"}],"wp:term":[{"taxonomy":"category","embeddable":true,"href":"https:\/\/mernokvagyok.hu\/kozlekedesi\/wp-json\/wp\/v2\/categories?post=2032"},{"taxonomy":"post_tag","embeddable":true,"href":"https:\/\/mernokvagyok.hu\/kozlekedesi\/wp-json\/wp\/v2\/tags?post=2032"}],"curies":[{"name":"wp","href":"https:\/\/api.w.org\/{rel}","templated":true}]}}