{"id":1896,"date":"2025-10-06T14:08:37","date_gmt":"2025-10-06T12:08:37","guid":{"rendered":"https:\/\/mernokvagyok.hu\/kozlekedesi\/?p=1896"},"modified":"2025-10-06T14:19:34","modified_gmt":"2025-10-06T12:19:34","slug":"konferencia-felhivas","status":"publish","type":"post","link":"https:\/\/mernokvagyok.hu\/kozlekedesi\/konferencia-felhivas\/","title":{"rendered":"Konferencia felh\u00edv\u00e1s &#8211; 2025. november 6. &#8211; A KTE V\u00e1rosi K\u00f6zleked\u00e9si Tagozat\u00e1nak K\u00f6zleked\u00e9stervez\u00e9si \u00e9s -szervez\u00e9si Szakoszt\u00e1lya szervez\u00e9s\u00e9vel"},"content":{"rendered":"\n<p><strong>V\u00e1rosi \u00e9letmin\u0151s\u00e9g \u00e9s k\u00f6zleked\u00e9s \u2013 K\u00f6zleked\u00e9si munkamegoszt\u00e1s | V\u00e1rostervez\u00e9s |<br>V\u00e1rosszociol\u00f3gia | Adat alap\u00fa tervez\u00e9s<\/strong><\/p>\n\n\n\n<p><strong>Id\u0151pont:<\/strong> 2025. november 6. (cs\u00fct\u00f6rt\u00f6k) 8:30-17:30<\/p>\n\n\n\n<p><strong>Helysz\u00edn:<\/strong> Robert Bosch Kft. Auditorium, 1103 Budapest, Robert Bosch u. 14<\/p>\n\n\n\n<p>Ez\u00faton felh\u00edvjuk az MMK K\u00f6zleked\u00e9si Tagozat tagjainak figyelm\u00e9t a \u201eV\u00e1rosi \u00e9letmin\u0151s\u00e9g<br>\u00e9s k\u00f6zleked\u00e9s \u2013 K\u00f6zleked\u00e9si munkamegoszt\u00e1s | V\u00e1rostervez\u00e9s | V\u00e1rosszociol\u00f3gia |<br>Adat alap\u00fa tervez\u00e9s\u201d c\u00edm\u0171 szakmai konferenci\u00e1nkra.<\/p>\n\n\n\n<p>E konferencia egy t\u00f6bbl\u00e9pcs\u0151s program, egy komplex szeml\u00e9let\u0171 k\u00f6z\u00f6s gondolkod\u00e1s<br>fontos m\u00e9rf\u00f6ldk\u00f6ve. A k\u00f6z\u00f6s gondolkod\u00e1s c\u00e9lja a m\u00f3dv\u00e1laszt\u00e1sban rejl\u0151 es\u00e9lyek \u00e9s le-<br>het\u0151s\u00e9gek m\u00e9lyebb felt\u00e1r\u00e1sa, nem csup\u00e1n a k\u00f6zleked\u00e9si viszonyok jobb\u00edt\u00e1sa, hanem<br>a v\u00e1rosi \u00e9let- \u00e9s k\u00f6rnyezetmin\u0151s\u00e9g egyetemes jobb\u00edt\u00e1sa \u00e9rdek\u00e9ben. V\u00e1rakoz\u00e1ssal te-<br>kint\u00fcnk azon koll\u00e9g\u00e1k \u00e9rdekl\u0151d\u00e9s\u00e9re, akik nyitottak egy \u00faj szeml\u00e9letm\u00f3dra, \u00faj elj\u00e1r\u00e1sokra,<br>korszer\u0171 technol\u00f3gi\u00e1kra, komplex megk\u00f6zel\u00edt\u00e9sekre, relev\u00e1ns szakter\u00fcletek egy\u00fcttm\u0171k\u00f6-<br>d\u00e9s\u00e9re \u00e9s akik elk\u00f6telezettek egy jobb k\u00f6zleked\u00e9s, egy jobb v\u00e1rosi j\u00f6v\u0151 ir\u00e1nt.<\/p>\n\n\n\n<p>A konferencia r\u00e9szletes szakmai programja, r\u00e9szv\u00e9teli felt\u00e9telei \u00e9s a jelentkez\u00e9si lehet\u0151-<br>s\u00e9g a k\u00f6vetkez\u0151 oldalon tal\u00e1lhat\u00f3: <a href=\"https:\/\/ktenet.hu\/esemenyek\/modal-split-javitasa-gyakorlati-modszerekkel\/\">Program \u00e9s jelentkez\u00e9s<\/a><\/p>\n\n\n\n<p><strong>A konferencia az MMK k\u00f6telez\u0151 oktat\u00e1si programj\u00e1nak is r\u00e9sze.<\/strong><\/p>\n\n\n\n<p>A r\u00e9szv\u00e9telhez k\u00e9rj\u00fck, hogy munkat\u00e1rsait a fenti oldalon tal\u00e1lhat\u00f3 jelentkez\u00e9si link seg\u00edt-<br>s\u00e9g\u00e9vel regisztr\u00e1lj\u00e1k.<\/p>\n\n\n\n<p>B\u00edzunk benne, hogy \u00d6nt \u00e9s koll\u00e9g\u00e1it is \u00fcdv\u00f6z\u00f6lhetj\u00fck rendezv\u00e9ny\u00fcnk\u00f6n, \u00e9s egy\u00fctt j\u00e1rul-<br>hatunk hozz\u00e1 a hazai v\u00e1rosi \u00e9ltmin\u0151s\u00e9g fejleszt\u00e9s\u00e9hez.<\/p>\n\n\n\n<p>Felh\u00edv\u00e1s: <a href=\"https:\/\/mernokvagyok.hu\/kozlekedesi\/wp-content\/uploads\/2025\/10\/KTE_konferencia_nov6.pdf\">ITT. <\/a><\/p>\n\n\n\n<p>KTE V\u00e1rosi K\u00f6zleked\u00e9si Tagozat, K\u00f6zleked\u00e9stervez\u00e9si \u00e9s -szervez\u00e9si Szakoszt\u00e1ly<\/p>\n","protected":false},"excerpt":{"rendered":"<p>V\u00e1rosi \u00e9letmin\u0151s\u00e9g \u00e9s k\u00f6zleked\u00e9s \u2013 K\u00f6zleked\u00e9si munkamegoszt\u00e1s | V\u00e1rostervez\u00e9s |V\u00e1rosszociol\u00f3gia | Adat alap\u00fa tervez\u00e9s Id\u0151pont: 2025. november 6. (cs\u00fct\u00f6rt\u00f6k) 8:30-17:30 Helysz\u00edn: Robert Bosch Kft. Auditorium, 1103 Budapest, Robert Bosch u. 14 Ez\u00faton felh\u00edvjuk az MMK K\u00f6zleked\u00e9si Tagozat tagjainak figyelm\u00e9t a \u201eV\u00e1rosi \u00e9letmin\u0151s\u00e9g\u00e9s k\u00f6zleked\u00e9s \u2013 K\u00f6zleked\u00e9si munkamegoszt\u00e1s | V\u00e1rostervez\u00e9s | V\u00e1rosszociol\u00f3gia |Adat alap\u00fa tervez\u00e9s\u201d c\u00edm\u0171 szakmai [&hellip;]<\/p>\n","protected":false},"author":10,"featured_media":0,"comment_status":"closed","ping_status":"closed","sticky":false,"template":"","format":"standard","meta":{"footnotes":""},"categories":[11],"tags":[],"class_list":["post-1896","post","type-post","status-publish","format-standard","hentry","category-szakmai-konferenciak-esemenyek"],"_links":{"self":[{"href":"https:\/\/mernokvagyok.hu\/kozlekedesi\/wp-json\/wp\/v2\/posts\/1896","targetHints":{"allow":["GET"]}}],"collection":[{"href":"https:\/\/mernokvagyok.hu\/kozlekedesi\/wp-json\/wp\/v2\/posts"}],"about":[{"href":"https:\/\/mernokvagyok.hu\/kozlekedesi\/wp-json\/wp\/v2\/types\/post"}],"author":[{"embeddable":true,"href":"https:\/\/mernokvagyok.hu\/kozlekedesi\/wp-json\/wp\/v2\/users\/10"}],"replies":[{"embeddable":true,"href":"https:\/\/mernokvagyok.hu\/kozlekedesi\/wp-json\/wp\/v2\/comments?post=1896"}],"version-history":[{"count":7,"href":"https:\/\/mernokvagyok.hu\/kozlekedesi\/wp-json\/wp\/v2\/posts\/1896\/revisions"}],"predecessor-version":[{"id":1906,"href":"https:\/\/mernokvagyok.hu\/kozlekedesi\/wp-json\/wp\/v2\/posts\/1896\/revisions\/1906"}],"wp:attachment":[{"href":"https:\/\/mernokvagyok.hu\/kozlekedesi\/wp-json\/wp\/v2\/media?parent=1896"}],"wp:term":[{"taxonomy":"category","embeddable":true,"href":"https:\/\/mernokvagyok.hu\/kozlekedesi\/wp-json\/wp\/v2\/categories?post=1896"},{"taxonomy":"post_tag","embeddable":true,"href":"https:\/\/mernokvagyok.hu\/kozlekedesi\/wp-json\/wp\/v2\/tags?post=1896"}],"curies":[{"name":"wp","href":"https:\/\/api.w.org\/{rel}","templated":true}]}}