{"id":1760,"date":"2025-08-11T14:57:47","date_gmt":"2025-08-11T12:57:47","guid":{"rendered":"https:\/\/mernokvagyok.hu\/kozlekedesi\/?p=1760"},"modified":"2025-08-11T14:59:50","modified_gmt":"2025-08-11T12:59:50","slug":"nyari-mernoknap-2025","status":"publish","type":"post","link":"https:\/\/mernokvagyok.hu\/kozlekedesi\/nyari-mernoknap-2025\/","title":{"rendered":"Ny\u00e1ri M\u00e9rn\u00f6knap 2025"},"content":{"rendered":"\n<p>MI, N\u00d3GR\u00c1DI M\u00c9RN\u00d6K\u00d6K-2025, MERT M\u00c9RN\u00d6KNEK PAL\u00d3CF\u00d6LD\u00d6N IS LENNI KELL!<br>KER\u00c9KP\u00c1RUTAK \u00c9S KER\u00c9KP\u00c1ROZ\u00c1S JELENE \u00c9S J\u00d6V\u0150JE N\u00d3GR\u00c1D V\u00c1RMEGY\u00c9BEN<br><\/p>\n\n\n\n<p><strong>A rendezv\u00e9ny v\u00e9dn\u00f6kei :<br><\/strong>R\u00e9v\u00e9sz M\u00e1riusz \u2013 Akt\u00edv Magyarorsz\u00e1g\u00e9rt felel\u0151s \u00e1llamtitk\u00e1r<br>Wagner Ern\u0151 \u2013 Magyar M\u00e9rn\u00f6ki Kamara eln\u00f6ke<br><\/p>\n\n\n\n<p><strong>Id\u0151pont:<\/strong> 2025. szeptember 4. csu\u0308t\u00f6rt\u00f6k<br><strong>Helysz\u00edn: <\/strong>Balassagyarmat V\u00e1ros Polg\u00e1rmesteri Hivatala<\/p>\n\n\n\n<h2 class=\"wp-block-heading\">Program<\/h2>\n\n\n\n<ul class=\"wp-block-list\">\n<li>9:00 \u2013 9:30 Regisztr\u00e1ci\u00f3<\/li>\n\n\n\n<li>9:30 \u2013 12:30 El\u0151ad\u00e1sok\n<ul class=\"wp-block-list\">\n<li>Polg\u00e1rmesteri k\u00f6sz\u00f6nt\u0151 &#8211; Csach G\u00e1bor Balassagyarmat V\u00e1ros Polg\u00e1rmestere<\/li>\n\n\n\n<li>Orsz\u00e1gos \u00e1ttekint\u00e9s a ker\u00e9kp\u00e1rutak jelen\u00e9r\u0151l, j\u00f6v\u0151j\u00e9r\u0151l &#8211; el\u0151ad\u00f3: Madar\u00e1sz-Losonczy B\u00e1lint f\u0151oszt\u00e1lyvezet\u0151 \u2013 K\u00f6zigazgat\u00e1si \u00e9s Teru\u0308letfejleszt\u00e9si Miniszt\u00e9rium<\/li>\n\n\n\n<li>N\u00f3gr\u00e1d v\u00e1rmegy\u00e9ben meg\u00e9pu\u0308lt \u00e9s tervezett ker\u00e9kp\u00e1rutak, valamint a Megyei Ker\u00e9kp\u00e1rforgalmi H\u00e1l\u00f3zati Terv &#8211; el\u0151ad\u00f3: Lantos L\u00e1szl\u00f3, tervez\u0151<\/li>\n\n\n\n<li>Ker\u00e9kp\u00e1rutak kapcsolata az Ipoly k\u00e9t partj\u00e1n &#8211; el\u0151ad\u00f3: L\u0151rincz M\u00e1ria igazgat\u00f3, K\u00f6z\u00e9ps\u0151 Ipoly-mente Region\u00e1lis Fejleszt\u00e9si \u00dcgyn\u00f6ks\u00e9g \/SK\/<\/li>\n\n\n\n<li>K\u00e1v\u00e9szu\u0308net<\/li>\n\n\n\n<li>Ker\u00e9kp\u00e1rutak u\u0308zemeltet\u00e9se N\u00f3gr\u00e1dban &#8211; Magyar K\u00f6z\u00fat N. Zrt. N\u00f3gr\u00e1d V\u00e1rmegyei Igazgat\u00f3s\u00e1ga &#8211; el\u0151ad\u00f3: Cs\u00e1bi-Kov\u00e1cs Krisztina m\u00e9rn\u00f6ks\u00e9gvezet\u0151 ( Balassagyarmat )<\/li>\n\n\n\n<li>Ker\u00e9kp\u00e1rutak u\u0308zemeltet\u00e9sei tapasztalatai &#8211; el\u0151ad\u00f3: Z\u00e1br\u00e1di J\u00f3zsef, oszt\u00e1lyvezet\u0151 (Balassagyarmat V\u00e1ros Polg\u00e1rmesteri Hivatal )<\/li>\n\n\n\n<li>Ker\u00e9kp\u00e1rutak \u00e9s turizmus kapcsolata N\u00f3gr\u00e1d V\u00e1rmegy\u00e9ben &#8211; el\u0151ad\u00f3: dr. Feket\u00e9n\u00e9 dr. Benk\u00f3 Kata PhD; LL. M. region\u00e1lis tudom\u00e1nyok doktora, k\u00f6zleked\u00e9si \u00e9s k\u00f6zleked\u00e9sigazgat\u00e1si szakjog\u00e1sz<\/li>\n\n\n\n<li>Pal\u00f3c \u00dat Egyesu\u0308let pal\u00f3cf\u00f6ldi ker\u00e9kp\u00e1ros applik\u00e1ci\u00f3ja &#8211; el\u0151ad\u00f3: Frics Bal\u00e1zs, N\u00f3gr\u00e1d V\u00e1rmegyei M\u00e9rn\u00f6ki Kamara informatikusa<\/li>\n\n\n\n<li>Csal\u00e1di nap beharangoz\u00e1sa: Zagyvav\u00f6lgyi ker\u00e9kp\u00e1r\u00fat Szurdokpu\u0308sp\u00f6ki \u2013 P\u00e1szt\u00f3 k\u00f6z\u00f6tti meg\u00e9pu\u0308lt szakasz\u00e1n ker\u00e9kp\u00e1roz\u00e1s, l\u00e1tnival\u00f3k felkeres\u00e9se (Tar L\u0151rinc udvarh\u00e1za, tari templom, szurdokpu\u0308sp\u00f6ki pincesor \u00e9s Sz\u0171zanya forr\u00e1s)<\/li>\n<\/ul>\n<\/li>\n\n\n\n<li>12:30 \u2013 13:30 Eb\u00e9dszu\u0308net<\/li>\n\n\n\n<li>13:30 \u2013 15:30 Ker\u00e9kp\u00e1rm\u00fazeum \u00e9s a Pann\u00f3nia Motorker\u00e9kp\u00e1r M\u00fazeum megtekint\u00e9se<\/li>\n<\/ul>\n\n\n\n<p><strong>Tov\u00e1bbi \u00e9rdekl\u0151d\u00e9s \u00e9s regisztr\u00e1ci\u00f3 az <a href=\"mailto:nmmk@nmmk.hu\" target=\"_blank\" rel=\"noreferrer noopener\">nmmk@nmmk.hu<\/a> email c\u00edmen. <\/strong><\/p>\n\n\n\n<p><a href=\"https:\/\/mernokvagyok.hu\/kozlekedesi\/wp-content\/uploads\/2025\/08\/2025-09-04-NYARI-MERNOKNAP-NOGRAD-2025-KEREKPARUTAK-meghivo.pdf\">Megh\u00edv\u00f3<\/a><\/p>\n","protected":false},"excerpt":{"rendered":"<p>MI, N\u00d3GR\u00c1DI M\u00c9RN\u00d6K\u00d6K-2025, MERT M\u00c9RN\u00d6KNEK PAL\u00d3CF\u00d6LD\u00d6N IS LENNI KELL!KER\u00c9KP\u00c1RUTAK \u00c9S KER\u00c9KP\u00c1ROZ\u00c1S JELENE \u00c9S J\u00d6V\u0150JE N\u00d3GR\u00c1D V\u00c1RMEGY\u00c9BEN A rendezv\u00e9ny v\u00e9dn\u00f6kei :R\u00e9v\u00e9sz M\u00e1riusz \u2013 Akt\u00edv Magyarorsz\u00e1g\u00e9rt felel\u0151s \u00e1llamtitk\u00e1rWagner Ern\u0151 \u2013 Magyar M\u00e9rn\u00f6ki Kamara eln\u00f6ke Id\u0151pont: 2025. szeptember 4. csu\u0308t\u00f6rt\u00f6kHelysz\u00edn: Balassagyarmat V\u00e1ros Polg\u00e1rmesteri Hivatala Program Tov\u00e1bbi \u00e9rdekl\u0151d\u00e9s \u00e9s regisztr\u00e1ci\u00f3 az nmmk@nmmk.hu email c\u00edmen. Megh\u00edv\u00f3<\/p>\n","protected":false},"author":10,"featured_media":0,"comment_status":"closed","ping_status":"closed","sticky":false,"template":"","format":"standard","meta":{"footnotes":""},"categories":[11],"tags":[],"class_list":["post-1760","post","type-post","status-publish","format-standard","hentry","category-szakmai-konferenciak-esemenyek"],"_links":{"self":[{"href":"https:\/\/mernokvagyok.hu\/kozlekedesi\/wp-json\/wp\/v2\/posts\/1760","targetHints":{"allow":["GET"]}}],"collection":[{"href":"https:\/\/mernokvagyok.hu\/kozlekedesi\/wp-json\/wp\/v2\/posts"}],"about":[{"href":"https:\/\/mernokvagyok.hu\/kozlekedesi\/wp-json\/wp\/v2\/types\/post"}],"author":[{"embeddable":true,"href":"https:\/\/mernokvagyok.hu\/kozlekedesi\/wp-json\/wp\/v2\/users\/10"}],"replies":[{"embeddable":true,"href":"https:\/\/mernokvagyok.hu\/kozlekedesi\/wp-json\/wp\/v2\/comments?post=1760"}],"version-history":[{"count":3,"href":"https:\/\/mernokvagyok.hu\/kozlekedesi\/wp-json\/wp\/v2\/posts\/1760\/revisions"}],"predecessor-version":[{"id":1765,"href":"https:\/\/mernokvagyok.hu\/kozlekedesi\/wp-json\/wp\/v2\/posts\/1760\/revisions\/1765"}],"wp:attachment":[{"href":"https:\/\/mernokvagyok.hu\/kozlekedesi\/wp-json\/wp\/v2\/media?parent=1760"}],"wp:term":[{"taxonomy":"category","embeddable":true,"href":"https:\/\/mernokvagyok.hu\/kozlekedesi\/wp-json\/wp\/v2\/categories?post=1760"},{"taxonomy":"post_tag","embeddable":true,"href":"https:\/\/mernokvagyok.hu\/kozlekedesi\/wp-json\/wp\/v2\/tags?post=1760"}],"curies":[{"name":"wp","href":"https:\/\/api.w.org\/{rel}","templated":true}]}}