{"id":1711,"date":"2025-05-05T13:54:28","date_gmt":"2025-05-05T11:54:28","guid":{"rendered":"https:\/\/mernokvagyok.hu\/kozlekedesi\/?p=1711"},"modified":"2025-05-05T13:54:35","modified_gmt":"2025-05-05T11:54:35","slug":"e-core-workshop-meghivo-2025-05-09-kti","status":"publish","type":"post","link":"https:\/\/mernokvagyok.hu\/kozlekedesi\/e-core-workshop-meghivo-2025-05-09-kti\/","title":{"rendered":"E-CORE Workshop Megh\u00edv\u00f3 2025.05.09. KTI"},"content":{"rendered":"\n<p>A KTI Magyar K\u00f6zleked\u00e9studom\u00e1nyi \u00e9s Logisztikai Int\u00e9zet K\u00f6zleked\u00e9sfejleszt\u00e9si Kutat\u00f3k\u00f6zpontja nev\u00e9ben tisztelettel megh\u00edvjuk az \u201eE-CORE Rotterdam-Budapest fels\u0151vezet\u00e9kes k\u00f6z\u00fati \u00e1rufuvaroz\u00e1si folyos\u00f3 l\u00e9tes\u00edt\u00e9s\u00e9nek \u00e9s \u00fczemeltet\u00e9s\u00e9nek lehet\u0151s\u00e9gei\u201d projekt soron k\u00f6vetkez\u0151 munkamegbesz\u00e9l\u00e9s\u00e9re, melynek t\u00e9m\u00e1ja:<\/p>\n\n\n\n<p class=\"has-text-align-center\"><strong>A versenyk\u00e9pes magyarorsz\u00e1gi ERS l\u00e9tes\u00edt\u00e9s\u00e9nek \u00e9s \u00fczemeltet\u00e9s\u00e9nek lehets\u00e9ges p\u00e9nz\u00fcgyi modelljei<\/strong><\/p>\n\n\n\n<p>A kutat\u00e1s-fejleszt\u00e9si tev\u00e9kenys\u00e9gben int\u00e9zm\u00e9ny\u00fcnk az IKEM (Institute for Climate Protection, Energy and Mobility) \u00e1ltal vezetett nemzetk\u00f6zi konzorcium tagjak\u00e9nt vesz r\u00e9szt, \u00e9s kiemelt feladatunk a hazai szakmai k\u00f6z\u00f6ss\u00e9g v\u00e9lem\u00e9ny\u00e9nek megismer\u00e9se, a l\u00e9tes\u00edt\u00e9shez \u00e9s \u00fczemeltet\u00e9shez kapcsol\u00f3d\u00f3 kih\u00edv\u00e1sok \u00e9s lehets\u00e9ges megold\u00e1sok azonos\u00edt\u00e1sa a d\u00f6nt\u00e9shoz\u00f3k \u00e9s \u00e9rintettek sz\u00e9les k\u00f6r\u00e9nek bevon\u00e1s\u00e1val.<\/p>\n\n\n\n<p class=\"has-text-align-center\">A workshop szem\u00e9lyes r\u00e9szv\u00e9tellel ker\u00fcl megrendez\u00e9sre <strong>2025. m\u00e1jus 9-\u00e9n (p\u00e9nteken) 10.00-14.00<\/strong>&nbsp;k\u00f6z\u00f6tt a <strong>KTI Sz\u00e9chenyi t\u00e1rgyal\u00f3term\u00e9ben<\/strong>&nbsp;(1119 Budapest, Than K\u00e1roly utca 3-5).<\/p>\n\n\n\n<p><strong>Program<\/strong>:<\/p>\n\n\n\n<p>10.00-11.00&nbsp;&nbsp;&nbsp;&nbsp;&nbsp;&nbsp; Bevezet\u0151 el\u0151ad\u00e1sok<\/p>\n\n\n\n<p>&nbsp;A tervezett fels\u0151vezet\u00e9kes \u00e1rusz\u00e1ll\u00edt\u00e1si folyos\u00f3 magyarorsz\u00e1gi szakasz\u00e1nak forgalmi viszonyai, a projekt els\u0151 f\u00e1zis\u00e1nak eredm\u00e9nyei (el\u0151ad\u00f3: Rajna Botond oszt\u00e1lyvezet\u0151, H\u00e1l\u00f3zattervez\u00e9si Oszt\u00e1ly)<\/p>\n\n\n\n<p>\u00b7\u00a0\u00a0Az ERS (Electric Road System) technol\u00f3gia szinergikus el\u0151nyei \u00e9s kih\u00edv\u00e1sai az \u00e1rusz\u00e1ll\u00edt\u00e1si \u00e9s a villamos energia rendszer fenntarthat\u00f3 fejl\u0151d\u00e9s\u00e9ben (el\u0151ad\u00f3: Bajor P\u00e9ter szenior kutat\u00f3, Logisztikai Innov\u00e1ci\u00f3s Oszt\u00e1ly)<\/p>\n\n\n\n<p>\u00b7\u00a0Az ERS infrastrukt\u00fara fejleszt\u00e9s\u00e9ben \u00e9s \u00fczemeltet\u00e9s\u00e9ben alkalmazhat\u00f3 finansz\u00edroz\u00e1si lehet\u0151s\u00e9gek<\/p>\n\n\n\n<p>(el\u0151ad\u00f3: Bajor P\u00e9ter szenior kutat\u00f3, Logisztikai Innov\u00e1ci\u00f3s Oszt\u00e1ly)<\/p>\n\n\n\n<p>11.00-11.30&nbsp;&nbsp;&nbsp;&nbsp;&nbsp;&nbsp;&nbsp; V\u00e9lem\u00e9nyek, k\u00e9rd\u00e9sek, javaslatok<\/p>\n\n\n\n<p>11.30-12.00&nbsp;&nbsp;&nbsp;&nbsp;&nbsp;&nbsp;&nbsp; Szendvicseb\u00e9d<\/p>\n\n\n\n<p>12.00-14.00&nbsp;&nbsp;&nbsp;&nbsp;&nbsp; OPERA-Workshop<\/p>\n\n\n\n<p>A fels\u0151vezet\u00e9kes k\u00f6z\u00fati \u00e1rufuvaroz\u00e1si folyos\u00f3 l\u00e9tes\u00edt\u00e9s\u00e9nek \u00e9s \u00fczemeltet\u00e9s\u00e9nek kritikus t\u00e9nyez\u0151i a finansz\u00edroz\u00e1si strat\u00e9gi\u00e1k szempontj\u00e1b\u00f3l<\/p>\n\n\n\n<p>\u00b7\u00a0Hogyan finansz\u00edrozhat\u00f3 az ERS infrastrukt\u00fara hazai bevezet\u00e9se \u00e9s m\u0171k\u00f6dtet\u00e9se?<\/p>\n\n\n\n<p>\u00b7\u00a0Hogyan m\u0171k\u00f6dhetnek egy\u00fctt a gazdas\u00e1gi \u00e9s p\u00e9nz\u00fcgyi ter\u00fcleten a l\u00e9tes\u00edt\u00e9sben, \u00fczemeltet\u00e9sben \u00e9s fenntart\u00e1sban \u00e9rintett v\u00e1llalkoz\u00e1sok?<\/p>\n\n\n\n<p>\u00b7\u00a0Hogyan biztos\u00edthat\u00f3 a k\u00f6rnyezeti szempontb\u00f3l fenntarthat\u00f3 \u00e9s a gazdas\u00e1gi szerepl\u0151k sz\u00e1m\u00e1ra tervezhet\u0151 \u00e9s versenyk\u00e9pes \u00fczleti k\u00f6rnyezet?<\/p>\n\n\n\n<p>A rendezv\u00e9ny a febru\u00e1ri webinar esem\u00e9ny\u00fcnk folytat\u00e1sa, az err\u0151l k\u00e9sz\u00fclt felv\u00e9telek <a href=\"https:\/\/eu01.z.antigena.com\/l\/FPkocbzmRHi3YCiXBO6g5Za5dJ5hGQXyGH_QiXgFL_PXCqMU-r_Kf6Okg4d8qcjZotrLtoeV6S3Mz1ksY3ebPezP2xkpR-qnEREsxWasCcAxTMnRLesy8HnJpMC2bRSR-mw5euMGJGbyQKryMH8f2vgL3Q_CAmGH563D4WW5U4hoGUiaqnUuyJnJtphBOwFYJWcmvShl3Rh1KKv\">ITT<\/a> \u00e9rhet\u0151k el.<\/p>\n\n\n\n<p>Annak \u00e9rdek\u00e9ben, hogy a projekt eredm\u00e9nyeit \u00e9s a szakmai k\u00f6z\u00f6ss\u00e9gek v\u00e9lem\u00e9ny\u00e9t, javaslatait az \u00e9rintett \u00e9s \u00e9rdekelt szervezetek \u00e9s v\u00e1llalkoz\u00e1sok min\u00e9l sz\u00e9lesebb k\u00f6r\u00e9vel megismertethess\u00fck, \u00e9s \u0151ket a projekt tov\u00e1bbi szakaszainak tev\u00e9kenys\u00e9g\u00e9be bevonhassuk, k\u00e9rj\u00fck, a megh\u00edv\u00f3nkat b\u00e1tran tov\u00e1bb\u00edtsa szakmai partnerei, koll\u00e9g\u00e1i sz\u00e1m\u00e1ra is! A kor\u00e1bbi rendezv\u00e9nyeinken akt\u00edvan k\u00f6zrem\u0171k\u00f6d\u0151 villamos energia ipari \u00e9s logisztika szolg\u00e1ltat\u00e1si partnereink r\u00e9szv\u00e9tel\u00e9re k\u00fcl\u00f6n\u00f6sen sz\u00e1m\u00edtunk a szakmai p\u00e1rbesz\u00e9d sz\u00ednes\u00edt\u00e9se \u00e9s folytat\u00f3lagoss\u00e1g\u00e1nak biztos\u00edt\u00e1sa \u00e9rdek\u00e9ben!<\/p>\n\n\n\n<p>A projekt hivatalos honlapja <a href=\"https:\/\/www.ikem.de\/en\/projekt\/electrified-corridor-europe\/\">ITT<\/a>&nbsp;el\u00e9rhet\u0151.<\/p>\n\n\n\n<p><strong>Az al\u00e1bbi rendezv\u00e9ny kapcs\u00e1n k\u00fcldj\u00fck a regisztr\u00e1ci\u00f3s linket, amelyen kereszt\u00fcl r\u00e9szv\u00e9teli sz\u00e1nd\u00e9kukat k\u00e9rj\u00fck jelezz\u00e9k <a href=\"https:\/\/eu01.z.antigena.com\/l\/cPh0qbRmH6n1tz0XD8YYgmC9QqCSZEs6DZs6qf6pLyjFGWQ7GUoVs1x43NhhUy5aAcbJxEQ3UUSU8uXXcLdss7Z1gDpMyV8fTjMhteMSIjD8mjMIyNPW_YKSD6EvM_R3v0PyVnQMx_u6sGb_6FfSeD2Htyexd-UM_L66tcScIyr-7ssSxIXIFS6QMdBiTfa-CIr-CySjciU-Fdo~dMI\">ITT<\/a>. <\/strong><\/p>\n\n\n\n<p>Tov\u00e1bb\u00e1, \u00f6ssze\u00e1ll\u00edtottunk egy k\u00e9rd\u0151\u00edvet, amelyben a szakemberek v\u00e9lem\u00e9ny\u00e9re vagyunk k\u00edv\u00e1ncsiak els\u0151sorban az ERS \u00e9s egy\u00e9b technol\u00f3gi\u00e1k, valamint az \u00e1rusz\u00e1ll\u00edt\u00e1s j\u00f6v\u0151j\u00e9vel kapcsolatosan: <a href=\"https:\/\/eu01.z.antigena.com\/l\/FPkocbzmRHi3YCiXBO6g5Za5dJ5hGQXyGH_QiXgFL_PXCqMU-r_Kf6Okg4d8qcjZotrLtoeV6S3Mz1ksY3ebPezP2xkpR-qnEREsxWasCcAxTMnRLesy8HnJpMC2bRSR-mw5euMGJGbyQKryMH8f2vgL3Q_CAmGH563D4WW5U4hoGUiaqnUuyJnJtphBOwFYJWcmvShl3Rh1KKv\">ITT<\/a>. <\/p>\n\n\n\n<p><strong>Tov\u00e1bbi tervezett rendezv\u00e9nyeink:<\/strong><\/p>\n\n\n\n<p>2025. m\u00e1jus 30.&nbsp;&nbsp;&nbsp;&nbsp;&nbsp;&nbsp;&nbsp;&nbsp;&nbsp; Magyarorsz\u00e1gi ERS tervez\u00e9s\u00e9nek \u00e9s l\u00e9tes\u00edt\u00e9s\u00e9nek kih\u00edv\u00e1sai (Workshop)<\/p>\n\n\n\n<p>2025. j\u00fanius 27.&nbsp;&nbsp;&nbsp;&nbsp;&nbsp;&nbsp;&nbsp;&nbsp;&nbsp; Az ERS megjelen\u00edt\u00e9s\u00e9nek lehet\u0151s\u00e9gei a Nemzeti K\u00f6zleked\u00e9si Strat\u00e9gi\u00e1ban<\/p>\n\n\n\n<p>2025. szept. 25.&nbsp;&nbsp;&nbsp;&nbsp;&nbsp;&nbsp;&nbsp;&nbsp;&nbsp;&nbsp; Projekt Z\u00e1r\u00f3 Nemzetk\u00f6zi Konferencia<\/p>\n","protected":false},"excerpt":{"rendered":"<p>A KTI Magyar K\u00f6zleked\u00e9studom\u00e1nyi \u00e9s Logisztikai Int\u00e9zet K\u00f6zleked\u00e9sfejleszt\u00e9si Kutat\u00f3k\u00f6zpontja nev\u00e9ben tisztelettel megh\u00edvjuk az \u201eE-CORE Rotterdam-Budapest fels\u0151vezet\u00e9kes k\u00f6z\u00fati \u00e1rufuvaroz\u00e1si folyos\u00f3 l\u00e9tes\u00edt\u00e9s\u00e9nek \u00e9s \u00fczemeltet\u00e9s\u00e9nek lehet\u0151s\u00e9gei\u201d projekt soron k\u00f6vetkez\u0151 munkamegbesz\u00e9l\u00e9s\u00e9re, melynek t\u00e9m\u00e1ja: A versenyk\u00e9pes magyarorsz\u00e1gi ERS l\u00e9tes\u00edt\u00e9s\u00e9nek \u00e9s \u00fczemeltet\u00e9s\u00e9nek lehets\u00e9ges p\u00e9nz\u00fcgyi modelljei A kutat\u00e1s-fejleszt\u00e9si tev\u00e9kenys\u00e9gben int\u00e9zm\u00e9ny\u00fcnk az IKEM (Institute for Climate Protection, Energy and Mobility) \u00e1ltal vezetett nemzetk\u00f6zi [&hellip;]<\/p>\n","protected":false},"author":873,"featured_media":0,"comment_status":"closed","ping_status":"closed","sticky":false,"template":"","format":"standard","meta":{"footnotes":""},"categories":[12],"tags":[],"class_list":["post-1711","post","type-post","status-publish","format-standard","hentry","category-tagozati-hirek-esemenyek"],"_links":{"self":[{"href":"https:\/\/mernokvagyok.hu\/kozlekedesi\/wp-json\/wp\/v2\/posts\/1711","targetHints":{"allow":["GET"]}}],"collection":[{"href":"https:\/\/mernokvagyok.hu\/kozlekedesi\/wp-json\/wp\/v2\/posts"}],"about":[{"href":"https:\/\/mernokvagyok.hu\/kozlekedesi\/wp-json\/wp\/v2\/types\/post"}],"author":[{"embeddable":true,"href":"https:\/\/mernokvagyok.hu\/kozlekedesi\/wp-json\/wp\/v2\/users\/873"}],"replies":[{"embeddable":true,"href":"https:\/\/mernokvagyok.hu\/kozlekedesi\/wp-json\/wp\/v2\/comments?post=1711"}],"version-history":[{"count":2,"href":"https:\/\/mernokvagyok.hu\/kozlekedesi\/wp-json\/wp\/v2\/posts\/1711\/revisions"}],"predecessor-version":[{"id":1713,"href":"https:\/\/mernokvagyok.hu\/kozlekedesi\/wp-json\/wp\/v2\/posts\/1711\/revisions\/1713"}],"wp:attachment":[{"href":"https:\/\/mernokvagyok.hu\/kozlekedesi\/wp-json\/wp\/v2\/media?parent=1711"}],"wp:term":[{"taxonomy":"category","embeddable":true,"href":"https:\/\/mernokvagyok.hu\/kozlekedesi\/wp-json\/wp\/v2\/categories?post=1711"},{"taxonomy":"post_tag","embeddable":true,"href":"https:\/\/mernokvagyok.hu\/kozlekedesi\/wp-json\/wp\/v2\/tags?post=1711"}],"curies":[{"name":"wp","href":"https:\/\/api.w.org\/{rel}","templated":true}]}}