{"id":1685,"date":"2025-03-21T12:59:38","date_gmt":"2025-03-21T11:59:38","guid":{"rendered":"https:\/\/mernokvagyok.hu\/kozlekedesi\/?p=1685"},"modified":"2025-03-21T12:59:43","modified_gmt":"2025-03-21T11:59:43","slug":"kozlekedesbiztonsagi-foto-es-rovidfilm-palyazat-a-2025-evi-kozlekedesi-kultura-napjara","status":"publish","type":"post","link":"https:\/\/mernokvagyok.hu\/kozlekedesi\/kozlekedesbiztonsagi-foto-es-rovidfilm-palyazat-a-2025-evi-kozlekedesi-kultura-napjara\/","title":{"rendered":"\u00a0<strong>K\u00f6zleked\u00e9sbiztons\u00e1gi fot\u00f3 \u00e9s r\u00f6vidfilm p\u00e1ly\u00e1zat a 2025.\u00e9vi K\u00f6zleked\u00e9si Kult\u00fara Napj\u00e1ra\u00a0<\/strong>"},"content":{"rendered":"\n<p>&nbsp;<strong>K\u00f6zleked\u00e9si kult\u00far\u00e1nk \u00e9rt\u00e9kei 2025&nbsp;<\/strong><\/p>\n\n\n\n<p><strong>\u201eEgy fot\u00f3 \u2013 Egy \u00fczenet a biztons\u00e1gos k\u00f6zleked\u00e9s\u00e9rt\u201d\u00a0<\/strong><\/p>\n\n\n\n<p>&nbsp;A 2025. \u00e9vi K\u00f6zleked\u00e9si Kult\u00fara Napja alkalm\u00e1b\u00f3l a ki\u00edr\u00f3k \u2013 ORFK Orsz\u00e1gos Balesetmegel\u0151z\u00e9si Bizotts\u00e1g, a K\u00f6zleked\u00e9studom\u00e1nyi Egyes\u00fclet K\u00f6zleked\u00e9sbiztons\u00e1gi Tagozata \u00e9s a Magyar Plastiroute Kft. &#8211; k\u00f6zleked\u00e9sbiztons\u00e1gi fot\u00f3 \u00e9s r\u00f6vidfilm p\u00e1ly\u00e1zatot hirdetnek.&nbsp;<\/p>\n\n\n\n<p>A p\u00e1ly\u00e1zat c\u00e9lja f\u00e9nyk\u00e9pen vagy r\u00f6vidfilmben megjelen\u00edteni a kultur\u00e1lt \u00e9s biztons\u00e1gos k\u00f6zleked\u00e9st a mindennapi \u00e9letben.&nbsp;<\/p>\n\n\n\n<p>A ki\u00edr\u00f3k olyan alkot\u00e1sokat, \u00fczeneteket v\u00e1rnak a p\u00e1ly\u00e1zatra, amelyek r\u00e1ir\u00e1ny\u00edtj\u00e1k figyelmet a kultur\u00e1lt k\u00f6zleked\u00e9s fontoss\u00e1g\u00e1ra, mozzanataira, a k\u00f6zleked\u00e9si \u00e9lethelyzeteket, tev\u00e9kenys\u00e9get, szitu\u00e1ci\u00f3kat, a k\u00f6zleked\u00e9sbiztons\u00e1g fontoss\u00e1g\u00e1t hitelesen \u00e1br\u00e1zolj\u00e1k a mindennapokban.&nbsp;<\/p>\n\n\n\n<p><strong>2025-ben k\u00e9t kateg\u00f3ri\u00e1ban lehet p\u00e1ly\u00e1zni, melyekre digit\u00e1lis f\u00e9nyk\u00e9pez\u0151g\u00e9ppel, mobil telefonnal vagy vide\u00f3kamer\u00e1val k\u00e9sz\u00edtett felv\u00e9telek k\u00fcldhet\u0151k be.&nbsp;<\/strong><\/p>\n\n\n\n<p>Az elb\u00edr\u00e1l\u00e1s sor\u00e1n a kateg\u00f3ri\u00e1k k\u00fcl\u00f6n-k\u00fcl\u00f6n \u00e9rt\u00e9kel\u00e9sen vesznek r\u00e9szt, \u00edgy ezt a beadand\u00f3 k\u00e9pek elnevez\u00e9s\u00e9n\u00e9l is meg kell k\u00fcl\u00f6nb\u00f6ztetni.\u00a0<\/p>\n\n\n\n<p><\/p>\n\n\n\n<p>A p\u00e1ly\u00e1zati kateg\u00f3ri\u00e1k, felt\u00e9telek \u00e9s a p\u00e1ly\u00e1zati adatlap <a href=\"https:\/\/mernokvagyok.hu\/kozlekedesi\/wp-content\/uploads\/2025\/03\/A-KKN-2025.-Fotopalyazati-felhivas_2.0.pdf\" target=\"_blank\" rel=\"noreferrer noopener\">IDE KATTINTVA<\/a><a rel=\"noreferrer noopener\" href=\"https:\/\/mernokvagyok.hu\/kozlekedesi\/wp-content\/uploads\/2025\/03\/A-KKN-2025.-Fotopalyazati-felhivas_2.0.pdf\" target=\"_blank\"> <\/a>\u00e9rhet\u0151 el. <\/p>\n\n\n\n<p><strong>A p\u00e1ly\u00e1zat be\u00e9rkez\u00e9s\u00e9nek hat\u00e1rideje: 2025. \u00e1prilis 10.\u00a0<\/strong><\/p>\n\n\n\n<p><\/p>\n\n\n\n<p><strong>A p\u00e1ly\u00e1zattal kapcsolatos b\u0151vebb inform\u00e1ci\u00f3k:&nbsp;<\/strong><\/p>\n\n\n\n<p>Szerencsi G\u00e1bor&nbsp;<\/p>\n\n\n\n<p>Telefon: +36 1 819 9676&nbsp;<\/p>\n\n\n\n<p>E-mail: szerencsi.gabor@kozut.hu&nbsp;<\/p>\n\n\n\n<p>\u00e9s&nbsp;<\/p>\n\n\n\n<p>K\u00f6zleked\u00e9s Tudom\u00e1nyi Egyes\u00fclet 1066 Budapest, Ter\u00e9z krt. 38.&nbsp;<\/p>\n\n\n\n<p>Telefon: +36 1 353 2005, +36 1 353 0562&nbsp;<\/p>\n\n\n\n<p>E-mail: info@ktenet.hu c\u00edmeken k\u00e9rhet\u0151k.&nbsp;<\/p>\n","protected":false},"excerpt":{"rendered":"<p>&nbsp;K\u00f6zleked\u00e9si kult\u00far\u00e1nk \u00e9rt\u00e9kei 2025&nbsp; \u201eEgy fot\u00f3 \u2013 Egy \u00fczenet a biztons\u00e1gos k\u00f6zleked\u00e9s\u00e9rt\u201d\u00a0 &nbsp;A 2025. \u00e9vi K\u00f6zleked\u00e9si Kult\u00fara Napja alkalm\u00e1b\u00f3l a ki\u00edr\u00f3k \u2013 ORFK Orsz\u00e1gos Balesetmegel\u0151z\u00e9si Bizotts\u00e1g, a K\u00f6zleked\u00e9studom\u00e1nyi Egyes\u00fclet K\u00f6zleked\u00e9sbiztons\u00e1gi Tagozata \u00e9s a Magyar Plastiroute Kft. &#8211; k\u00f6zleked\u00e9sbiztons\u00e1gi fot\u00f3 \u00e9s r\u00f6vidfilm p\u00e1ly\u00e1zatot hirdetnek.&nbsp; A p\u00e1ly\u00e1zat c\u00e9lja f\u00e9nyk\u00e9pen vagy r\u00f6vidfilmben megjelen\u00edteni a kultur\u00e1lt \u00e9s biztons\u00e1gos k\u00f6zleked\u00e9st [&hellip;]<\/p>\n","protected":false},"author":873,"featured_media":0,"comment_status":"closed","ping_status":"closed","sticky":false,"template":"","format":"standard","meta":{"footnotes":""},"categories":[12],"tags":[],"class_list":["post-1685","post","type-post","status-publish","format-standard","hentry","category-tagozati-hirek-esemenyek"],"_links":{"self":[{"href":"https:\/\/mernokvagyok.hu\/kozlekedesi\/wp-json\/wp\/v2\/posts\/1685","targetHints":{"allow":["GET"]}}],"collection":[{"href":"https:\/\/mernokvagyok.hu\/kozlekedesi\/wp-json\/wp\/v2\/posts"}],"about":[{"href":"https:\/\/mernokvagyok.hu\/kozlekedesi\/wp-json\/wp\/v2\/types\/post"}],"author":[{"embeddable":true,"href":"https:\/\/mernokvagyok.hu\/kozlekedesi\/wp-json\/wp\/v2\/users\/873"}],"replies":[{"embeddable":true,"href":"https:\/\/mernokvagyok.hu\/kozlekedesi\/wp-json\/wp\/v2\/comments?post=1685"}],"version-history":[{"count":1,"href":"https:\/\/mernokvagyok.hu\/kozlekedesi\/wp-json\/wp\/v2\/posts\/1685\/revisions"}],"predecessor-version":[{"id":1687,"href":"https:\/\/mernokvagyok.hu\/kozlekedesi\/wp-json\/wp\/v2\/posts\/1685\/revisions\/1687"}],"wp:attachment":[{"href":"https:\/\/mernokvagyok.hu\/kozlekedesi\/wp-json\/wp\/v2\/media?parent=1685"}],"wp:term":[{"taxonomy":"category","embeddable":true,"href":"https:\/\/mernokvagyok.hu\/kozlekedesi\/wp-json\/wp\/v2\/categories?post=1685"},{"taxonomy":"post_tag","embeddable":true,"href":"https:\/\/mernokvagyok.hu\/kozlekedesi\/wp-json\/wp\/v2\/tags?post=1685"}],"curies":[{"name":"wp","href":"https:\/\/api.w.org\/{rel}","templated":true}]}}