{"id":1662,"date":"2025-02-14T15:25:04","date_gmt":"2025-02-14T14:25:04","guid":{"rendered":"https:\/\/mernokvagyok.hu\/kozlekedesi\/?p=1662"},"modified":"2025-03-25T12:50:54","modified_gmt":"2025-03-25T11:50:54","slug":"kuldottgyules-meghivo","status":"publish","type":"post","link":"https:\/\/mernokvagyok.hu\/kozlekedesi\/kuldottgyules-meghivo\/","title":{"rendered":"K\u00fcld\u00f6ttgy\u0171l\u00e9s 2025"},"content":{"rendered":"\n<p>Tisztelt Koll\u00e9gan\u0151! Tisztelt Koll\u00e9ga!<\/p>\n\n\n\n<p><br><strong>A Magyar M\u00e9rn\u00f6ki Kamara K\u00f6zleked\u00e9si Tagozata 2025. febru\u00e1r 21-\u00e9n (p\u00e9ntek) 10:00 \u00f3rai kezdettel a Budapesti \u00e9s Pest V\u00e1rmegyei M\u00e9rn\u00f6ki Kamara sz\u00e9kh\u00e1z\u00e1ban (Budapest, XI. keru\u0308let, Szer\u00e9mi \u00fat 4.)<br>ku\u0308ld\u00f6ttgy\u0171l\u00e9st tart.<\/strong><\/p>\n\n\n\n<p>A ku\u0308ld\u00f6ttgy\u0171l\u00e9sre a Tagozat Eln\u00f6ks\u00e9ge nev\u00e9ben ezennel tisztelettel megh\u00edvom.<\/p>\n\n\n\n<p><strong>A Ku\u0308ld\u00f6ttgy\u0171l\u00e9s napirendi pontjai:<br><\/strong>9:30 \u00c9rkez\u00e9s, regisztr\u00e1ci\u00f3<br>10:00 Megnyit\u00f3<br>10:05 Jel\u00f6lt \u00e1ll\u00edt\u00e1s orsz\u00e1gos tiszts\u00e9gre<br>11:30 \u00dcgyrend m\u00f3dos\u00edt\u00e1s<br>12:00 Eb\u00e9d<\/p>\n\n\n\n<p>A Ku\u0308ld\u00f6ttgy\u0171l\u00e9s v\u00e1rhat\u00f3 id\u0151tartama: 10:00-12:00 \u00f3r\u00e1ig. (Regisztr\u00e1ci\u00f3: 9:30-10:00 \u00f3r\u00e1ig)<\/p>\n\n\n\n<p>A jel\u00f6lt \u00e1ll\u00edt\u00e1s r\u00e9szletes szab\u00e1lyai megtekinthet\u0151 az MMK honlapj\u00e1n \u201eJel\u00f6lt \u00e1ll\u00edt\u00e1s 2025\u201d c\u00edmsz\u00f3 alatt.<\/p>\n\n\n\n<p>Az \u00dcgyrend tervezet m\u00f3dos\u00edt\u00e1sa <a href=\"https:\/\/mernokvagyok.hu\/kozlekedesi\/wp-content\/uploads\/2025\/02\/tagozati_ugyrend_2025_modosito_tervezet-1.pdf\" target=\"_blank\" rel=\"noreferrer noopener\">IDE kattintva<\/a> el\u00e9rhet\u0151. <\/p>\n\n\n\n<p>A hivatalos megh\u00edv\u00f3 <a rel=\"noreferrer noopener\" href=\"https:\/\/mernokvagyok.hu\/kozlekedesi\/wp-content\/uploads\/2025\/02\/Kuldottgyules_meghivo_2025_02_21-1.pdf\" target=\"_blank\">IDE kattintva<\/a> el\u00e9rhet\u0151.<\/p>\n\n\n\n<p>A K\u00fcld\u00f6ttgy\u0171l\u00e9s jegyz\u0151k\u00f6nyv <a rel=\"noreferrer noopener\" href=\"https:\/\/mernokvagyok.hu\/kozlekedesi\/wp-content\/uploads\/2025\/03\/MMK-Kozl_Tag_Kuldottgyules_jkv_250221.pdf\" target=\"_blank\">IDE kattintva<\/a> el\u00e9rhet\u0151.<\/p>\n\n\n\n<p>\u00dcdv\u00f6zlettel:<br>Lakits Gy\u00f6rgy s.k.<br>eln\u00f6k<br>MMK K\u00f6zleked\u00e9si Tagozat<\/p>\n","protected":false},"excerpt":{"rendered":"<p>Tisztelt Koll\u00e9gan\u0151! Tisztelt Koll\u00e9ga! A Magyar M\u00e9rn\u00f6ki Kamara K\u00f6zleked\u00e9si Tagozata 2025. febru\u00e1r 21-\u00e9n (p\u00e9ntek) 10:00 \u00f3rai kezdettel a Budapesti \u00e9s Pest V\u00e1rmegyei M\u00e9rn\u00f6ki Kamara sz\u00e9kh\u00e1z\u00e1ban (Budapest, XI. keru\u0308let, Szer\u00e9mi \u00fat 4.)ku\u0308ld\u00f6ttgy\u0171l\u00e9st tart. A ku\u0308ld\u00f6ttgy\u0171l\u00e9sre a Tagozat Eln\u00f6ks\u00e9ge nev\u00e9ben ezennel tisztelettel megh\u00edvom. A Ku\u0308ld\u00f6ttgy\u0171l\u00e9s napirendi pontjai:9:30 \u00c9rkez\u00e9s, regisztr\u00e1ci\u00f310:00 Megnyit\u00f310:05 Jel\u00f6lt \u00e1ll\u00edt\u00e1s orsz\u00e1gos tiszts\u00e9gre11:30 \u00dcgyrend m\u00f3dos\u00edt\u00e1s12:00 Eb\u00e9d [&hellip;]<\/p>\n","protected":false},"author":873,"featured_media":0,"comment_status":"closed","ping_status":"closed","sticky":false,"template":"","format":"standard","meta":{"footnotes":""},"categories":[9],"tags":[],"class_list":["post-1662","post","type-post","status-publish","format-standard","hentry","category-tagozati-rendezvenyek"],"_links":{"self":[{"href":"https:\/\/mernokvagyok.hu\/kozlekedesi\/wp-json\/wp\/v2\/posts\/1662","targetHints":{"allow":["GET"]}}],"collection":[{"href":"https:\/\/mernokvagyok.hu\/kozlekedesi\/wp-json\/wp\/v2\/posts"}],"about":[{"href":"https:\/\/mernokvagyok.hu\/kozlekedesi\/wp-json\/wp\/v2\/types\/post"}],"author":[{"embeddable":true,"href":"https:\/\/mernokvagyok.hu\/kozlekedesi\/wp-json\/wp\/v2\/users\/873"}],"replies":[{"embeddable":true,"href":"https:\/\/mernokvagyok.hu\/kozlekedesi\/wp-json\/wp\/v2\/comments?post=1662"}],"version-history":[{"count":8,"href":"https:\/\/mernokvagyok.hu\/kozlekedesi\/wp-json\/wp\/v2\/posts\/1662\/revisions"}],"predecessor-version":[{"id":1693,"href":"https:\/\/mernokvagyok.hu\/kozlekedesi\/wp-json\/wp\/v2\/posts\/1662\/revisions\/1693"}],"wp:attachment":[{"href":"https:\/\/mernokvagyok.hu\/kozlekedesi\/wp-json\/wp\/v2\/media?parent=1662"}],"wp:term":[{"taxonomy":"category","embeddable":true,"href":"https:\/\/mernokvagyok.hu\/kozlekedesi\/wp-json\/wp\/v2\/categories?post=1662"},{"taxonomy":"post_tag","embeddable":true,"href":"https:\/\/mernokvagyok.hu\/kozlekedesi\/wp-json\/wp\/v2\/tags?post=1662"}],"curies":[{"name":"wp","href":"https:\/\/api.w.org\/{rel}","templated":true}]}}