{"id":1640,"date":"2025-01-20T16:28:52","date_gmt":"2025-01-20T15:28:52","guid":{"rendered":"https:\/\/mernokvagyok.hu\/kozlekedesi\/?p=1640"},"modified":"2025-01-20T16:28:54","modified_gmt":"2025-01-20T15:28:54","slug":"maut-informacios-forum-online-rendezveny","status":"publish","type":"post","link":"https:\/\/mernokvagyok.hu\/kozlekedesi\/maut-informacios-forum-online-rendezveny\/","title":{"rendered":"MA\u00daT Inform\u00e1ci\u00f3s f\u00f3rum &#8211; online rendezv\u00e9ny"},"content":{"rendered":"\n<p>Tisztelt Koll\u00e9ga!<\/p>\n\n\n\n<p><\/p>\n\n\n\n<p>A MA\u00daT Magyar \u00dat-\u00e9s Vas\u00fat\u00fcgyi T\u00e1rsas\u00e1g \u00faj szakmai t\u00e1j\u00e9koztat\u00f3 f\u00f3rumot hozott l\u00e9tre az innovat\u00edv technol\u00f3gi\u00e1k \u00e9s m\u00f3dszerek sz\u00e9lesebb szakmai k\u00f6zv\u00e9lem\u00e9nnyel t\u00f6rt\u00e9n\u0151 megismertet\u00e9se c\u00e9lj\u00e1b\u00f3l.<\/p>\n\n\n\n<p>A f\u00e9lnapos rendezv\u00e9nyeken az el\u0151zetesen \u00e9rdekl\u0151d\u00e9s\u00fcket jelz\u0151 jelentkez\u0151k k\u00f6r\u00e9b\u0151l kiv\u00e1lasztott el\u0151ad\u00e1sok hangzanak el a szakmai csatorn\u00e1kon jelentkez\u0151 hallgat\u00f3s\u00e1g (tervez\u0151k, kivitelez\u0151k, \u00fczemeltet\u0151k, szak\u00e9rt\u0151k) el\u0151tt, majd lehet\u0151s\u00e9get biztos\u00edtunk hozz\u00e1sz\u00f3l\u00e1sokra \u00e9s konzult\u00e1ci\u00f3ra is, sz\u00e1nd\u00e9k szerint mindig t\u00f6bb oldalr\u00f3l is megvil\u00e1g\u00edtva a lehets\u00e9ges alkalmaz\u00e1sok felt\u00e9teleit, lehet\u0151s\u00e9geit, el\u0151nyeit, h\u00e1tr\u00e1nyait.<\/p>\n\n\n\n<p><strong>A k\u00f6vetkez\u0151 f\u00f3rum t\u00e9m\u00e1ja \u00e9s id\u0151pontja:<\/strong><\/p>\n\n\n\n<p>Akad\u00e1lymentes eljut\u00e1s, es\u00e9lyegyenl\u0151s\u00e9g a k\u00f6zleked\u00e9sben Id\u0151pont: 2025. janu\u00e1r 30. cs\u00fct\u00f6rt\u00f6k, 9.00-13.00 \u00f3ra<\/p>\n\n\n\n<p>Az online rendezv\u00e9nyen val\u00f3 r\u00e9szv\u00e9tel ingyenes, de el\u0151zetes regisztr\u00e1ci\u00f3hoz k\u00f6t\u00f6tt.<br><strong>El\u0151zetes regisztr\u00e1ci\u00f3: <\/strong><a href=\"https:\/\/forms.gle\/zALPiVzt3zyExH8k8\" target=\"_blank\" rel=\"noreferrer noopener\">https:\/\/forms.gle\/zALPiVzt3zyExH8k8<\/a><br>Szeretettel v\u00e1rjuk \u00d6nt \u00e9s munkat\u00e1rsait online rendezv\u00e9ny\u00fcnk\u00f6n!<\/p>\n\n\n\n<p><\/p>\n\n\n\n<h2 class=\"wp-block-heading\">Tervezett program<\/h2>\n\n\n\n<p>A program pdf-k\u00e9nt let\u00f6lthet\u0151 <a href=\"https:\/\/mernokvagyok.hu\/kozlekedesi\/wp-content\/uploads\/2025\/01\/IF_30_meghivo_2025_01_30_TERVEZET.pdf\" target=\"_blank\" rel=\"noreferrer noopener\">IDE kattintva<\/a>.<\/p>\n\n\n\n<p><strong>8:50-t\u0151l &#8211; Regisztr\u00e1ci\u00f3<\/strong><br><strong>9:00 &#8211; K\u00f6sz\u00f6nt\u0151<\/strong><br>K\u00f3sa \u00c1d\u00e1m Fogyat\u00e9koss\u00e1g\u00fcgyi \u00c1llamtitk\u00e1r (Bel\u00fcgyminiszt\u00e9rium)<br><\/p>\n\n\n\n<p><strong>9:30 &#8211; Az \u00dat\u00fcgyi Vil\u00e1gsz\u00f6vets\u00e9g elk\u00e9pzel\u00e9sei, tapasztalatai, aj\u00e1nl\u00e1sai<br><\/strong>El\u0151ad\u00f3: Imen Makhlouf (PIARC TC 2.2 eln\u00f6k, Tun\u00e9zia)<br><\/p>\n\n\n\n<p><strong>9:40 &#8211; Akad\u00e1lymentes\u00edt\u00e9s a k\u00f6zleked\u00e9s \u00e9s a v\u00e1rosi strat\u00e9giai tervez\u00e9sben &#8211; Accessibility in the Strategic Planning of Transport and Urban Space<br><\/strong>El\u0151ad\u00f3: Maria Grundner (Mobilit\u00e4tsagentur Wien)<br><\/p>\n\n\n\n<p><strong>10:05 &#8211; N\u00e9metorsz\u00e1gban a korm\u00e1nyzati sz\u00e1nd\u00e9k, el\u0151\u00edr\u00e1sok, gyakorlati p\u00e9ld\u00e1k konkr\u00e9t projekt, m\u0171szaki megold\u00e1sok bemutat\u00e1sa<br><\/strong>El\u0151ad\u00f3: Dr.-Ing. Dirk Boenke (STUVA, N\u00e9metorsz\u00e1g)<br><\/p>\n\n\n\n<p><strong>10:30 &#8211; A gondoskod\u00f3 v\u00e1ros \u2013 \u00e9p\u00edt\u00e9szeti beavatkoz\u00e1sok, alacsonypadl\u00f3s aut\u00f3buszok, akad\u00e1lymentes parkol\u00f3k<br><\/strong>El\u0151ad\u00f3k: Felk\u00e9r\u00e9s alatt (Kaposv\u00e1ri Polg\u00e1rmesteri Hivatal), H\u00e1ri Ern\u0151 (Kecskem\u00e9ti K\u00f6zleked\u00e9si K\u00f6zpont Kft.), Nagy \u00d6d\u00f6n (Szeged MJV Fejleszt\u00e9si iroda)<br><\/p>\n\n\n\n<p><strong>11:30 &#8211; M\u00c1V-csoport Akad\u00e1lymentes\u00edt\u00e9si strat\u00e9gia, PRM Vas\u00fati M\u0171szaki El\u0151\u00edr\u00e1sok<br><\/strong>El\u0151ad\u00f3: Musz\u00e9ly Katalin (M\u00c1V P\u00e1lyam\u0171k\u00f6dtet\u00e9si Zrt.)<br><\/p>\n\n\n\n<p><strong>11:50 &#8211; Az egyetemes tervez\u00e9s \u2013 v\u00e1rosi k\u00f6zleked\u00e9s \u00e9s tervez\u0151i tapasztalatok<br><\/strong>El\u0151ad\u00f3: F\u00f6rd\u0151s-H\u00f3dy Erzs\u00e9bet (ETF\u00c9SZ)<br><\/p>\n\n\n\n<p><strong>12:10 &#8211; Tapasztalati szak\u00e9rt\u0151i besz\u00e1mol\u00f3k<br><\/strong>N\u00e9gy ker\u00e9ken \u00edgy vagy \u00fagy<br>El\u0151ad\u00f3: T\u00f3th Zolt\u00e1n (ETF\u00c9SZ)<br>Akad\u00e1lymentes k\u00f6zleked\u00e9s?!?<br>El\u0151ad\u00f3: Kiss Orsolya (SINOSZ)<br>A t\u00f6rv\u00e9ny lapjai \u00e9s az utca val\u00f3s\u00e1ga &#8211; l\u00e1t\u00e1ss\u00e9r\u00fclt szem\u00e9lyek r\u00e9szv\u00e9tele az akad\u00e1lymentes k\u00f6rnyezet kialak\u00edt\u00e1s\u00e1ban<br>El\u0151ad\u00f3: Ballai Anna M\u00e1ria (Vakok \u00e9s Gyeng\u00e9nl\u00e1t\u00f3k Csongr\u00e1d-Csan\u00e1d Megyei Egyes\u00fclete)<br><\/p>\n\n\n\n<p><strong>12:40 Csepeli Corvin csom\u00f3pont akad\u00e1lymentes\u00edt\u00e9se<br><\/strong>El\u0151ad\u00f3: Gorz\u00f3 Istv\u00e1n M\u00e1rton (BME egyetemi hallgat\u00f3)<br><\/p>\n\n\n\n<p><strong>12:50 &#8211; Szakmai \u00f6sszefoglal\u00f3<br><\/strong>Holnapy Csilla (Magyar K\u00f6z\u00fat NZrt.)<br><\/p>\n\n\n\n<p><strong>12:55 &#8211; Z\u00e1r\u00f3 gondolatok<br><\/strong>Nyiri Szabolcs eln\u00f6k (MA\u00daT)<\/p>\n","protected":false},"excerpt":{"rendered":"<p>Tisztelt Koll\u00e9ga! A MA\u00daT Magyar \u00dat-\u00e9s Vas\u00fat\u00fcgyi T\u00e1rsas\u00e1g \u00faj szakmai t\u00e1j\u00e9koztat\u00f3 f\u00f3rumot hozott l\u00e9tre az innovat\u00edv technol\u00f3gi\u00e1k \u00e9s m\u00f3dszerek sz\u00e9lesebb szakmai k\u00f6zv\u00e9lem\u00e9nnyel t\u00f6rt\u00e9n\u0151 megismertet\u00e9se c\u00e9lj\u00e1b\u00f3l. A f\u00e9lnapos rendezv\u00e9nyeken az el\u0151zetesen \u00e9rdekl\u0151d\u00e9s\u00fcket jelz\u0151 jelentkez\u0151k k\u00f6r\u00e9b\u0151l kiv\u00e1lasztott el\u0151ad\u00e1sok hangzanak el a szakmai csatorn\u00e1kon jelentkez\u0151 hallgat\u00f3s\u00e1g (tervez\u0151k, kivitelez\u0151k, \u00fczemeltet\u0151k, szak\u00e9rt\u0151k) el\u0151tt, majd lehet\u0151s\u00e9get biztos\u00edtunk hozz\u00e1sz\u00f3l\u00e1sokra \u00e9s konzult\u00e1ci\u00f3ra is, [&hellip;]<\/p>\n","protected":false},"author":873,"featured_media":0,"comment_status":"closed","ping_status":"closed","sticky":false,"template":"","format":"standard","meta":{"footnotes":""},"categories":[1],"tags":[],"class_list":["post-1640","post","type-post","status-publish","format-standard","hentry","category-egyeb"],"_links":{"self":[{"href":"https:\/\/mernokvagyok.hu\/kozlekedesi\/wp-json\/wp\/v2\/posts\/1640","targetHints":{"allow":["GET"]}}],"collection":[{"href":"https:\/\/mernokvagyok.hu\/kozlekedesi\/wp-json\/wp\/v2\/posts"}],"about":[{"href":"https:\/\/mernokvagyok.hu\/kozlekedesi\/wp-json\/wp\/v2\/types\/post"}],"author":[{"embeddable":true,"href":"https:\/\/mernokvagyok.hu\/kozlekedesi\/wp-json\/wp\/v2\/users\/873"}],"replies":[{"embeddable":true,"href":"https:\/\/mernokvagyok.hu\/kozlekedesi\/wp-json\/wp\/v2\/comments?post=1640"}],"version-history":[{"count":1,"href":"https:\/\/mernokvagyok.hu\/kozlekedesi\/wp-json\/wp\/v2\/posts\/1640\/revisions"}],"predecessor-version":[{"id":1642,"href":"https:\/\/mernokvagyok.hu\/kozlekedesi\/wp-json\/wp\/v2\/posts\/1640\/revisions\/1642"}],"wp:attachment":[{"href":"https:\/\/mernokvagyok.hu\/kozlekedesi\/wp-json\/wp\/v2\/media?parent=1640"}],"wp:term":[{"taxonomy":"category","embeddable":true,"href":"https:\/\/mernokvagyok.hu\/kozlekedesi\/wp-json\/wp\/v2\/categories?post=1640"},{"taxonomy":"post_tag","embeddable":true,"href":"https:\/\/mernokvagyok.hu\/kozlekedesi\/wp-json\/wp\/v2\/tags?post=1640"}],"curies":[{"name":"wp","href":"https:\/\/api.w.org\/{rel}","templated":true}]}}