{"id":1629,"date":"2025-01-16T10:13:04","date_gmt":"2025-01-16T09:13:04","guid":{"rendered":"https:\/\/mernokvagyok.hu\/kozlekedesi\/?p=1629"},"modified":"2025-01-16T10:14:01","modified_gmt":"2025-01-16T09:14:01","slug":"szakman-tul-hatarokon-at-2","status":"publish","type":"post","link":"https:\/\/mernokvagyok.hu\/kozlekedesi\/szakman-tul-hatarokon-at-2\/","title":{"rendered":"Szakm\u00e1n t\u00fal, hat\u00e1rokon \u00e1t"},"content":{"rendered":"\n<p><strong>A BUDAPESTI \u00c9S PEST V\u00c1RMEGYEI M\u00c9RN\u00d6KI KAMARA, A MAGYAR M\u00c9RN\u00d6KI KAMARA K\u00d6ZLEKED\u00c9SI TAGOZATA, A K\u00d6ZLEKED\u00c9STUDOM\u00c1NYI EGYES\u00dcLET \u00e9s A MA\u00daT MAGYAR \u00daT- \u00c9S VAS\u00daT\u00dcGYI T\u00c1RSAS\u00c1G k\u00f6z\u00f6s szervez\u00e9s\u0171 programsorozata<\/strong><\/p>\n\n\n\n<p><strong>Id\u0151pont:<\/strong> 2025. janu\u00e1r 28. kedd, 17.00 \u00f3ra<br><strong>El\u0151ad\u00f3k:<\/strong> Lakits Gy\u00f6rgy, Sz\u0151ll\u0151ssy G\u00e1bor, Dr. Z\u00f6ldy M\u00e1t\u00e9<\/p>\n\n\n\n<figure class=\"wp-block-image size-full\"><img fetchpriority=\"high\" decoding=\"async\" width=\"714\" height=\"367\" src=\"https:\/\/mernokvagyok.hu\/kozlekedesi\/wp-content\/uploads\/2025\/01\/Kepernyofoto-2025-01-16-10.10.12.png\" alt=\"\" class=\"wp-image-1630\" \/><\/figure>\n\n\n\n<p><strong>K\u00edna, Shandong tartom\u00e1ny \u2013 a sz\u00e9p \u00faj vil\u00e1g<\/strong><\/p>\n\n\n\n<p>A Budapesti \u00e9s Pest V\u00e1rmegyei M\u00e9rn\u00f6k Kamara deleg\u00e1ci\u00f3ja 2024. okt\u00f3ber\u00e9ben megh\u00edv\u00e1st kapott<br>a VI. K\u00edna &#8211; K\u00f6z\u00e9p-Kelet Eur\u00f3pa helyi vezet\u0151i sz\u00e1m\u00e1ra rendezett cs\u00facstal\u00e1lkoz\u00f3ra. Shandong tartom\u00e1ny<br>k\u00e9t legnagyobb v\u00e1ros\u00e1ban, Yantai-ban \u00e9s Jinan-ban j\u00e1rtunk. Hihetetlen fejl\u0151d\u00e9s \u00e9s r\u00e9gi rend.<br>Kamer\u00e1k \u00e9s 3000 \u00e9ves templomok. Benyom\u00e1sok, \u00e9lm\u00e9nyek, \u00e9s az \u00faj k\u00ednai viszonyok eur\u00f3pai szemmel.<\/p>\n\n\n\n<p><\/p>\n\n\n\n<p><strong>Helysz\u00edn:<\/strong> MAKAD\u00c1M Klub &#8211; Bej\u00e1rat a F\u0150MTERV porta fel\u0151l<br>(1024 Budapest, L\u00f6v\u0151h\u00e1z utca 37.)<\/p>\n\n\n\n<p><strong>Vacsora (sv\u00e9dasztalos): <\/strong>10.000,- Ft + \u00c1FA<\/p>\n\n\n\n<p><strong>Regisztr\u00e1ci\u00f3: <\/strong>Benk\u0151 T\u00edmea (e-mail: <a href=\"mailto:benko.timea@bpmk.hu\">benko.timea@bpmk.hu<\/a>, tel.: +36 30 864 1787)<br><strong>Jelentkez\u00e9si hat\u00e1rid\u0151: <\/strong>2025. janu\u00e1r 24. (p\u00e9ntek)<\/p>\n\n\n\n<p><\/p>\n\n\n\n<p><a href=\"https:\/\/mernokvagyok.hu\/kozlekedesi\/wp-content\/uploads\/2025\/01\/szakman_tul_hatarokon_at_20250128.pdf\" target=\"_blank\" rel=\"noreferrer noopener\">Hivatalos megh\u00edv\u00f3<\/a><\/p>\n","protected":false},"excerpt":{"rendered":"<p>A BUDAPESTI \u00c9S PEST V\u00c1RMEGYEI M\u00c9RN\u00d6KI KAMARA, A MAGYAR M\u00c9RN\u00d6KI KAMARA K\u00d6ZLEKED\u00c9SI TAGOZATA, A K\u00d6ZLEKED\u00c9STUDOM\u00c1NYI EGYES\u00dcLET \u00e9s A MA\u00daT MAGYAR \u00daT- \u00c9S VAS\u00daT\u00dcGYI T\u00c1RSAS\u00c1G k\u00f6z\u00f6s szervez\u00e9s\u0171 programsorozata Id\u0151pont: 2025. janu\u00e1r 28. kedd, 17.00 \u00f3raEl\u0151ad\u00f3k: Lakits Gy\u00f6rgy, Sz\u0151ll\u0151ssy G\u00e1bor, Dr. Z\u00f6ldy M\u00e1t\u00e9 K\u00edna, Shandong tartom\u00e1ny \u2013 a sz\u00e9p \u00faj vil\u00e1g A Budapesti \u00e9s Pest V\u00e1rmegyei M\u00e9rn\u00f6k [&hellip;]<\/p>\n","protected":false},"author":873,"featured_media":0,"comment_status":"closed","ping_status":"closed","sticky":false,"template":"","format":"standard","meta":{"footnotes":""},"categories":[11],"tags":[],"class_list":["post-1629","post","type-post","status-publish","format-standard","hentry","category-szakmai-konferenciak-esemenyek"],"_links":{"self":[{"href":"https:\/\/mernokvagyok.hu\/kozlekedesi\/wp-json\/wp\/v2\/posts\/1629","targetHints":{"allow":["GET"]}}],"collection":[{"href":"https:\/\/mernokvagyok.hu\/kozlekedesi\/wp-json\/wp\/v2\/posts"}],"about":[{"href":"https:\/\/mernokvagyok.hu\/kozlekedesi\/wp-json\/wp\/v2\/types\/post"}],"author":[{"embeddable":true,"href":"https:\/\/mernokvagyok.hu\/kozlekedesi\/wp-json\/wp\/v2\/users\/873"}],"replies":[{"embeddable":true,"href":"https:\/\/mernokvagyok.hu\/kozlekedesi\/wp-json\/wp\/v2\/comments?post=1629"}],"version-history":[{"count":2,"href":"https:\/\/mernokvagyok.hu\/kozlekedesi\/wp-json\/wp\/v2\/posts\/1629\/revisions"}],"predecessor-version":[{"id":1633,"href":"https:\/\/mernokvagyok.hu\/kozlekedesi\/wp-json\/wp\/v2\/posts\/1629\/revisions\/1633"}],"wp:attachment":[{"href":"https:\/\/mernokvagyok.hu\/kozlekedesi\/wp-json\/wp\/v2\/media?parent=1629"}],"wp:term":[{"taxonomy":"category","embeddable":true,"href":"https:\/\/mernokvagyok.hu\/kozlekedesi\/wp-json\/wp\/v2\/categories?post=1629"},{"taxonomy":"post_tag","embeddable":true,"href":"https:\/\/mernokvagyok.hu\/kozlekedesi\/wp-json\/wp\/v2\/tags?post=1629"}],"curies":[{"name":"wp","href":"https:\/\/api.w.org\/{rel}","templated":true}]}}