{"id":1627,"date":"2025-01-16T10:08:42","date_gmt":"2025-01-16T09:08:42","guid":{"rendered":"https:\/\/mernokvagyok.hu\/kozlekedesi\/?p=1627"},"modified":"2025-05-21T16:54:35","modified_gmt":"2025-05-21T14:54:35","slug":"csany-laszlo-dijban-reszesultek-nevsora","status":"publish","type":"post","link":"https:\/\/mernokvagyok.hu\/kozlekedesi\/csany-laszlo-dijban-reszesultek-nevsora\/","title":{"rendered":"<strong>Cs\u00e1ny L\u00e1szl\u00f3 d\u00edjban r\u00e9szes\u00fcltek n\u00e9vsora<\/strong>"},"content":{"rendered":"\n<p><em>A Magyar M\u00e9rn\u00f6ki Kamara K\u00f6zleked\u00e9si Tagozata az 1849. \u00e9vi f\u00fcggetlen<\/em> <em>magyar korm\u00e1ny k\u00f6zleked\u00e9si  minisztere \u00e9s a szabads\u00e1gharc \u00f6nk\u00e9ntes<\/em> <em>m\u00e1rt\u00edrja tisztelet\u00e9re \u00e9s eml\u00e9k\u00e9re<\/em>  <em>Cs\u00e1ny L\u00e1szl\u00f3 d\u00edj<\/em> <em>kit\u00fcntet\u00e9st alap\u00edtott. E kit\u00fcntet\u00e9st a Magyar M\u00e9rn\u00f6ki Kamara K\u00f6zleked\u00e9si<\/em> <em>Tagozata azoknak a m\u00e9rn\u00f6k\u00f6knek adja, akik Cs\u00e1ny L\u00e1szl\u00f3 ig\u00e9nyes erk\u00f6lcsi,<\/em> <em>etikai norm\u00e1inak megfelel\u0151 szellemben \u00e9lnek \u00e9s dolgoznak, valamint<\/em><\/p>\n\n\n\n<p><em>\u2022 kiemelked\u0151 alkot\u00f3 tev\u00e9kenys\u00e9get fejtettek ki a k\u00f6zleked\u00e9s\u00e9p\u00edt\u00e9s szakter\u00fclet\u00e9n tervez\u0151k\u00e9nt,<\/em> <em>vagy \u00e9p\u00edt\u0151k\u00e9nt,<\/em><\/p>\n\n\n\n<p><em>\u2022 akik alkot\u00f3i tev\u00e9kenys\u00e9g\u00fck\u00f6n t\u00fal a k\u00f6zleked\u00e9s ter\u00fclet\u00e9n m\u0171k\u00f6d\u0151 m\u00e9rn\u00f6k\u00f6k k\u00e9pz\u00e9s\u00e9vel, t\u00e1rsadalmi, illetve tudom\u00e1nyos tevkenys<\/em>\u00e9<em>g\u00fckkel a m\u00e9rn\u00f6k\u00f6k alkot\u00f3 m\u0171k\u00f6d\u00e9s\u00e9t jelent\u0151sen el\u0151seg\u00edtett\u00e9k<\/em> <em>a magyar m\u00e9rn\u00f6k\u00f6k nemzetk\u00f6zi elismerts\u00e9g\u00e9t n\u00f6velt\u00e9k.<\/em><\/p>\n\n\n\n<h2 class=\"wp-block-heading\">Az elm\u00falt \u00e9vekben Cs\u00e1ny L\u00e1szl\u00f3 d\u00edjban r\u00e9szes\u00fclt m\u00e9rn\u00f6k\u00f6k:<\/h2>\n\n\n\n<figure class=\"wp-block-table is-style-stripes\"><table><tbody><tr><td>2002<\/td><td>ERD\u00c9LYI ZS\u00d3FIA<br>DR. KARSAY L\u00c1SZL\u00d3<\/td><\/tr><tr><td>2003<\/td><td>SIEBEN L\u00c1SZL\u00d3<\/td><\/tr><tr><td>2004<\/td><td>P\u00d3CS ISTV\u00c1N<br>SULLAY J\u00c1NOS<\/td><\/tr><tr><td>2005<\/td><td>LACHNER L\u00c1SZL\u00d3<br>V\u00d6R\u00d6S J\u00d3ZSEF<\/td><\/tr><tr><td>2006<\/td><td>DR. CSORJA ZSUZSANNA<br>HALMOS BENEDEK<\/td><\/tr><tr><td>2007<\/td><td>NAGY ANDOR<br>SOMFAI ANDR\u00c1S<\/td><\/tr><tr><td>2008<\/td><td>CHOLNOKYN\u00c9 FERENCZI \u00c9VA<br>DEDINSZKY ANDR\u00c1S<\/td><\/tr><tr><td>2009<\/td><td>GYEBN\u00c1R P\u00c9TERN\u00c9<br>MOLN\u00c1R P\u00c9TER<\/td><\/tr><tr><td>2010<\/td><td>KISS K\u00c1ROLY<br>KUNA FERENC<\/td><\/tr><tr><td>2011<\/td><td>REGE B\u00c9LA<br>\u00c1RKI S\u00c1NDOR<br>KOV\u00c1CS VILMOS (posthumus)<\/td><\/tr><tr><td>2012<\/td><td>DR. L\u00c1NG ELEM\u00c9R<br>DR. PAR\u00c1DI FERENC<br>MOLN\u00c1R L\u00c1SZL\u00d3<\/td><\/tr><tr><td>2013<\/td><td>GY\u0150RY IMRE<br>DR. KOREN CSABA<br>SZALAI L\u00c1SZL\u00d3<\/td><\/tr><tr><td>2014<\/td><td>PINT\u00c9R L\u00c1SZL\u00d3<br>DR. RIG\u00d3 MIH\u00c1LY<br>SZ\u00c1LKA MIKL\u00d3S<\/td><\/tr><tr><td>2015<\/td><td>CSOMA ANDR\u00c1S<br>ENDR\u00c9DI J\u00c1NOS<\/td><\/tr><tr><td>2016<\/td><td>REINISCH EGON<br>CS\u00c1R\u00c1DI J\u00c1NOS<\/td><\/tr><tr><td>2017<\/td><td>B\u00c9NI KATALIN JUSZTINA<br>WETTSTEIN ANIK\u00d3<br>DR. HORV\u00c1TH FERENC<\/td><\/tr><tr><td>2018<\/td><td>HAMARN\u00c9 SZAB\u00d3 M\u00c1RIA<br>POL\u00c1NYI P\u00c9TER<br>VIZI E. ZOLT\u00c1NN\u00c9<\/td><\/tr><tr><td>2019<\/td><td>B\u00cdR\u00d3 J\u00d3ZSEF<br>DR. MAKL\u00c1RI ERN\u0150<\/td><\/tr><tr><td>2020<\/td><td>KOV\u00c1CS \u00c9VA<br>DR. MONIGL J\u00c1NOS<\/td><\/tr><tr><td>2021<\/td><td>BABOS GYULA (posthumus)<br>HADH\u00c1ZI D\u00c1NIEL<br>DR. ZS\u00c1KAI TIBOR<\/td><\/tr><tr><td>2022<\/td><td>DR. G\u00c1SP\u00c1R L\u00c1SZL\u00d3<br>KOCSIS T\u00dcNDE<br>RHORER \u00c1D\u00c1M<\/td><\/tr><tr><td>2023<\/td><td>DR. AMBRUS K\u00c1LM\u00c1N<br>T\u00c1RCZY L\u00c1SZL\u00d3<\/td><\/tr><tr><td>2024<\/td><td>SIPOS L\u00c1SZL\u00d3 GYULA<br>DR. SZAKOS P\u00c1L<br>SZANATI L\u00c1SZL\u00d3<\/td><\/tr><tr><td>2025<\/td><td>K\u00c1LNOKI KIS S\u00c1NDOR<br>V\u00c1RADY TAM\u00c1S<\/td><\/tr><\/tbody><\/table><\/figure>\n\n\n\n<p><\/p>\n","protected":false},"excerpt":{"rendered":"<p>A Magyar M\u00e9rn\u00f6ki Kamara K\u00f6zleked\u00e9si Tagozata az 1849. \u00e9vi f\u00fcggetlen magyar korm\u00e1ny k\u00f6zleked\u00e9si minisztere \u00e9s a szabads\u00e1gharc \u00f6nk\u00e9ntes m\u00e1rt\u00edrja tisztelet\u00e9re \u00e9s eml\u00e9k\u00e9re Cs\u00e1ny L\u00e1szl\u00f3 d\u00edj kit\u00fcntet\u00e9st alap\u00edtott. E kit\u00fcntet\u00e9st a Magyar M\u00e9rn\u00f6ki Kamara K\u00f6zleked\u00e9si Tagozata azoknak a m\u00e9rn\u00f6k\u00f6knek adja, akik Cs\u00e1ny L\u00e1szl\u00f3 ig\u00e9nyes erk\u00f6lcsi, etikai norm\u00e1inak megfelel\u0151 szellemben \u00e9lnek \u00e9s dolgoznak, valamint \u2022 kiemelked\u0151 alkot\u00f3 [&hellip;]<\/p>\n","protected":false},"author":873,"featured_media":0,"comment_status":"closed","ping_status":"closed","sticky":false,"template":"","format":"standard","meta":{"footnotes":""},"categories":[33],"tags":[],"class_list":["post-1627","post","type-post","status-publish","format-standard","hentry","category-dijak-kituntetesek"],"_links":{"self":[{"href":"https:\/\/mernokvagyok.hu\/kozlekedesi\/wp-json\/wp\/v2\/posts\/1627","targetHints":{"allow":["GET"]}}],"collection":[{"href":"https:\/\/mernokvagyok.hu\/kozlekedesi\/wp-json\/wp\/v2\/posts"}],"about":[{"href":"https:\/\/mernokvagyok.hu\/kozlekedesi\/wp-json\/wp\/v2\/types\/post"}],"author":[{"embeddable":true,"href":"https:\/\/mernokvagyok.hu\/kozlekedesi\/wp-json\/wp\/v2\/users\/873"}],"replies":[{"embeddable":true,"href":"https:\/\/mernokvagyok.hu\/kozlekedesi\/wp-json\/wp\/v2\/comments?post=1627"}],"version-history":[{"count":3,"href":"https:\/\/mernokvagyok.hu\/kozlekedesi\/wp-json\/wp\/v2\/posts\/1627\/revisions"}],"predecessor-version":[{"id":1726,"href":"https:\/\/mernokvagyok.hu\/kozlekedesi\/wp-json\/wp\/v2\/posts\/1627\/revisions\/1726"}],"wp:attachment":[{"href":"https:\/\/mernokvagyok.hu\/kozlekedesi\/wp-json\/wp\/v2\/media?parent=1627"}],"wp:term":[{"taxonomy":"category","embeddable":true,"href":"https:\/\/mernokvagyok.hu\/kozlekedesi\/wp-json\/wp\/v2\/categories?post=1627"},{"taxonomy":"post_tag","embeddable":true,"href":"https:\/\/mernokvagyok.hu\/kozlekedesi\/wp-json\/wp\/v2\/tags?post=1627"}],"curies":[{"name":"wp","href":"https:\/\/api.w.org\/{rel}","templated":true}]}}