{"id":155,"date":"2014-05-16T11:40:00","date_gmt":"2014-05-16T09:40:00","guid":{"rendered":"https:\/\/mernokvagyok.hu\/kozlekedesi\/?p=155"},"modified":"2021-04-13T11:41:28","modified_gmt":"2021-04-13T09:41:28","slug":"kozlekedesbiztonsagi-otletpalyazat-eredmenye","status":"publish","type":"post","link":"https:\/\/mernokvagyok.hu\/kozlekedesi\/kozlekedesbiztonsagi-otletpalyazat-eredmenye\/","title":{"rendered":"K\u00f6zleked\u00e9sbiztons\u00e1gi \u00f6tletp\u00e1ly\u00e1zat eredm\u00e9nye"},"content":{"rendered":"\n<p>A Magyar M\u00e9rn\u00f6k Kamara a Nemzeti Fejleszt\u00e9si Miniszt\u00e9rium t\u00e1mogat\u00e1s\u00e1val 2013 tavasz\u00e1n \u201e<strong>K\u00f6zleked\u00e9sbiztons\u00e1gi \u00f6tletp\u00e1ly\u00e1zatot<\/strong>\u201d hirdetett a k\u00f6z\u00fati k\u00f6zleked\u00e9sben r\u00e9szt vev\u0151k biztons\u00e1g\u00e1nak jav\u00edt\u00e1sa \u00e9rdek\u00e9ben.<\/p>\n\n\n\n<p>2013. okt\u00f3ber 6-ig megt\u00f6rt\u00e9nt a \u201eK\u00f6zleked\u00e9sbiztons\u00e1gi \u00f6tletp\u00e1ly\u00e1zat\u201d be\u00e9rkezett p\u00e1lyamunk\u00e1inak anonim b\u00edr\u00e1lata. Ez alapj\u00e1n a b\u00edr\u00e1l\u00f3bizotts\u00e1g \u00f6ssze\u00e1ll\u00edtotta a d\u00edjazottak list\u00e1j\u00e1t.<br>Az 1. d\u00edjat a 8. p\u00e1lyam\u0171 kapta<br>A 2. d\u00edjat a 2. \u00e9s a 7. p\u00e1lyam\u0171 nyerte el<br>A 3. d\u00edjat a 11. p\u00e1lyam\u0171nek \u00edt\u00e9lt\u00e9k<br>A 4. d\u00edjat pedig az 1. p\u00e1lyam\u0171 \u00e9rdemelte ki<\/p>\n\n\n\n<p>A b\u00edr\u00e1lati CD-\u00f6ssze\u00e1ll\u00edt\u00e1sra \u00fcgyv\u00e9d jelenl\u00e9t\u00e9ben a p\u00e1ly\u00e1zat bont\u00e1sakor ker\u00fclt sor, valamint z\u00e1rt bor\u00edt\u00e9kban t\u00e1roltuk a p\u00e1ly\u00e1zat k\u00e9sz\u00edt\u0151j\u00e9nek adatait \u00e9s az eredeti p\u00e1lyam\u0171 nyomtatott, illetve elektronikus v\u00e1ltozat\u00e1t.<br>A bizotts\u00e1g \u00e1ltal megalkotott sorrend megad\u00e1s\u00e1t k\u00f6vet\u0151en szint\u00e9n \u00fcgyv\u00e9d jelenl\u00e9t\u00e9ben bontott\u00e1k ki a z\u00e1rt bor\u00edt\u00e9kokat \u00e9s a p\u00e1ly\u00e1z\u00f3 adatait tartalmaz\u00f3 bor\u00edt\u00e9kokat is. Kiz\u00e1r\u00f3lag a d\u00edjaz\u00e1sban r\u00e9szes\u00fcl\u0151 p\u00e1lyam\u0171vek bor\u00edt\u00e9kait nyitott\u00e1k fel. A nyertes p\u00e1ly\u00e1z\u00f3k ki\u00e9rtes\u00edt\u00e9se a megadott e-mail-c\u00edmen \u00e9s telefonon is megt\u00f6rt\u00e9nt.<\/p>\n\n\n\n<p><strong>Tisztelettel megh\u00edvjuk \u00f6nt a \u201eK\u00f6zleked\u00e9si \u00f6tletp\u00e1ly\u00e1zat\u201d eredm\u00e9nyhirdet\u00e9s\u00e9re \u00e9s d\u00edj\u00e1tad\u00f3 \u00fcnneps\u00e9g\u00e9re<br>2013. okt\u00f3ber 10-\u00e9n (cs\u00fct\u00f6rt\u00f6k\u00f6n) 14 \u00f3rai kezdettel<\/strong><\/p>\n\n\n\n<p>Helysz\u00edn: 1094 Budapest, Angyal utca 1\u20133. I. emelet 153.<br>Minden p\u00e1ly\u00e1z\u00f3t szertettel v\u00e1runk a rendezv\u00e9nyre.<\/p>\n","protected":false},"excerpt":{"rendered":"<p>A Magyar M\u00e9rn\u00f6k Kamara a Nemzeti Fejleszt\u00e9si Miniszt\u00e9rium t\u00e1mogat\u00e1s\u00e1val 2013 tavasz\u00e1n \u201eK\u00f6zleked\u00e9sbiztons\u00e1gi \u00f6tletp\u00e1ly\u00e1zatot\u201d hirdetett a k\u00f6z\u00fati k\u00f6zleked\u00e9sben r\u00e9szt vev\u0151k biztons\u00e1g\u00e1nak jav\u00edt\u00e1sa \u00e9rdek\u00e9ben. 2013. okt\u00f3ber 6-ig megt\u00f6rt\u00e9nt a \u201eK\u00f6zleked\u00e9sbiztons\u00e1gi \u00f6tletp\u00e1ly\u00e1zat\u201d be\u00e9rkezett p\u00e1lyamunk\u00e1inak anonim b\u00edr\u00e1lata. Ez alapj\u00e1n a b\u00edr\u00e1l\u00f3bizotts\u00e1g \u00f6ssze\u00e1ll\u00edtotta a d\u00edjazottak list\u00e1j\u00e1t.Az 1. d\u00edjat a 8. p\u00e1lyam\u0171 kaptaA 2. d\u00edjat a 2. \u00e9s a 7. p\u00e1lyam\u0171 [&hellip;]<\/p>\n","protected":false},"author":873,"featured_media":0,"comment_status":"closed","ping_status":"closed","sticky":false,"template":"","format":"standard","meta":{"footnotes":""},"categories":[11],"tags":[42,41,39,38,40],"class_list":["post-155","post","type-post","status-publish","format-standard","hentry","category-szakmai-konferenciak-esemenyek","tag-dijatado","tag-eredmeny","tag-kozlekedesbiztonsag","tag-otletpalyazat","tag-palyazat"],"_links":{"self":[{"href":"https:\/\/mernokvagyok.hu\/kozlekedesi\/wp-json\/wp\/v2\/posts\/155","targetHints":{"allow":["GET"]}}],"collection":[{"href":"https:\/\/mernokvagyok.hu\/kozlekedesi\/wp-json\/wp\/v2\/posts"}],"about":[{"href":"https:\/\/mernokvagyok.hu\/kozlekedesi\/wp-json\/wp\/v2\/types\/post"}],"author":[{"embeddable":true,"href":"https:\/\/mernokvagyok.hu\/kozlekedesi\/wp-json\/wp\/v2\/users\/873"}],"replies":[{"embeddable":true,"href":"https:\/\/mernokvagyok.hu\/kozlekedesi\/wp-json\/wp\/v2\/comments?post=155"}],"version-history":[{"count":1,"href":"https:\/\/mernokvagyok.hu\/kozlekedesi\/wp-json\/wp\/v2\/posts\/155\/revisions"}],"predecessor-version":[{"id":156,"href":"https:\/\/mernokvagyok.hu\/kozlekedesi\/wp-json\/wp\/v2\/posts\/155\/revisions\/156"}],"wp:attachment":[{"href":"https:\/\/mernokvagyok.hu\/kozlekedesi\/wp-json\/wp\/v2\/media?parent=155"}],"wp:term":[{"taxonomy":"category","embeddable":true,"href":"https:\/\/mernokvagyok.hu\/kozlekedesi\/wp-json\/wp\/v2\/categories?post=155"},{"taxonomy":"post_tag","embeddable":true,"href":"https:\/\/mernokvagyok.hu\/kozlekedesi\/wp-json\/wp\/v2\/tags?post=155"}],"curies":[{"name":"wp","href":"https:\/\/api.w.org\/{rel}","templated":true}]}}