{"id":1470,"date":"2023-11-15T13:03:18","date_gmt":"2023-11-15T12:03:18","guid":{"rendered":"https:\/\/mernokvagyok.hu\/kozlekedesi\/?p=1470"},"modified":"2023-11-15T13:03:21","modified_gmt":"2023-11-15T12:03:21","slug":"maut-informacios-forum-2023-11-30","status":"publish","type":"post","link":"https:\/\/mernokvagyok.hu\/kozlekedesi\/maut-informacios-forum-2023-11-30\/","title":{"rendered":"MA\u00daT Inform\u00e1ci\u00f3s f\u00f3rum &#8211; 2023.11.30."},"content":{"rendered":"\n<p><strong>Online rendezv\u00e9ny&nbsp;<\/strong><\/p>\n\n\n\n<p>Tisztelt Koll\u00e9ga!\u00a0<\/p>\n\n\n\n<p>A MA\u00daT Magyar \u00dat-\u00e9s Vas\u00fat\u00fcgyi T\u00e1rsas\u00e1g \u00faj szakmai t\u00e1j\u00e9koztat\u00f3 f\u00f3rumot hozott l\u00e9tre az innovat\u00edv technol\u00f3gi\u00e1k \u00e9s m\u00f3dszerek sz\u00e9lesebb szakmai k\u00f6zv\u00e9lem\u00e9nnyel t\u00f6rt\u00e9n\u0151 megismertet\u00e9se c\u00e9lj\u00e1b\u00f3l.&nbsp;<\/p>\n\n\n\n<p>A f\u00e9lnapos rendezv\u00e9nyeken az el\u0151zetesen \u00e9rdekl\u0151d\u00e9s\u00fcket jelz\u0151 jelentkez\u0151k k\u00f6r\u00e9b\u0151l kiv\u00e1lasztott el\u0151ad\u00e1sok hangzanak el a szakmai csatorn\u00e1kon jelentkez\u0151 hallgat\u00f3s\u00e1g (tervez\u0151k, kivitelez\u0151k, \u00fczemeltet\u0151k, szak\u00e9rt\u0151k) el\u0151tt, majd lehet\u0151s\u00e9get biztos\u00edtunk hozz\u00e1sz\u00f3l\u00e1sokra \u00e9s konzult\u00e1ci\u00f3ra is, sz\u00e1nd\u00e9k szerint mindig t\u00f6bb oldalr\u00f3l is megvil\u00e1g\u00edtva a lehets\u00e9ges alkalmaz\u00e1sok felt\u00e9teleit, lehet\u0151s\u00e9geit, el\u0151nyeit, h\u00e1tr\u00e1nyait.&nbsp;<\/p>\n\n\n\n<p>A k\u00f6vetkez\u0151 f\u00f3rum t\u00e9m\u00e1ja \u00e9s id\u0151pontja:&nbsp;<\/p>\n\n\n\n<p class=\"has-text-align-center\"><strong>T\u00c9RK\u00d6VEK 50 \u00c9VRE TERVEZVE&nbsp;<\/strong><\/p>\n\n\n\n<p class=\"has-text-align-center\"><strong>GENER\u00c1CI\u00d3KON \u00c1T\u00cdVEL\u0150 GARANCI\u00c1VAL&nbsp;<\/strong><\/p>\n\n\n\n<p><\/p>\n\n\n\n<p><strong>Id\u0151pont: 2023. november 30. cs\u00fct\u00f6rt\u00f6k, 9.00-13.00 \u00f3ra\u00a0<\/strong><\/p>\n\n\n\n<p>Az online rendezv\u00e9nyen val\u00f3 r\u00e9szv\u00e9tel ingyenes, de el\u0151zetes regisztr\u00e1ci\u00f3hoz k\u00f6t\u00f6tt.&nbsp;<\/p>\n\n\n\n<p><\/p>\n\n\n\n<h2 class=\"wp-block-heading\">El\u0151zetes regisztr\u00e1ci\u00f3:<\/h2>\n\n\n\n<p><a href=\"https:\/\/forms.gle\/rXECSZXgcVWiHqfF7\">https:\/\/forms.gle\/rXECSZXgcVWiHqfF7<\/a><\/p>\n\n\n\n<p><\/p>\n\n\n\n<h2 class=\"wp-block-heading\">Tervezett program:<\/h2>\n\n\n\n<p><strong>8.50-t\u0151l Regisztr\u00e1ci\u00f3\u00a0<\/strong><\/p>\n\n\n\n<p><strong>9.00 Megnyit\u00f3\u00a0<\/strong><\/p>\n\n\n\n<p><em>Gall\u00f3 Ferenc (MABESZ)&nbsp;<\/em><\/p>\n\n\n\n<p><strong>9.15 T\u00e9rk\u0151burkolatok 30 percben\u00a0<\/strong><\/p>\n\n\n\n<p><em>El\u0151ad\u00f3: T\u00e1rczy L\u00e1szl\u00f3 (Reform\u00fat Kft.)&nbsp;<\/em><\/p>\n\n\n\n<p><strong>9.45 Betonblokk burkolatrendszerek tervez\u00e9se \u00e9s alkalmaz\u00e1sa\u00a0k\u00fcl\u00f6nleges c\u00e9lokra.\u00a0<\/strong><\/p>\n\n\n\n<p>Esettanulm\u00e1nyok Szlov\u00e1ki\u00e1b\u00f3l, tark\u00edtva n\u00e9h\u00e1ny k\u00fclf\u00f6ldi \u00e9rdekess\u00e9ggel.&nbsp;<\/p>\n\n\n\n<p><em>El\u0151ad\u00f3: Boros Zsolt (TPA Szlov\u00e1kia)&nbsp;<\/em><\/p>\n\n\n\n<p><strong>10.15 V\u00edz\u00e1tereszt\u0151 t\u00e9rk\u00f6vek\u00a0<\/strong><\/p>\n\n\n\n<p><em>El\u0151ad\u00f3: Elia Boonen (Belgian Road Research Centre) Belga \u00dat\u00fcgyi Kutat\u00f3int\u00e9zet vezet\u0151 munkat\u00e1rsa&nbsp;<\/em><\/p>\n\n\n\n<p><strong>11.15 Felismer\u00e9sek \u00e9s innov\u00e1ci\u00f3 magyar tulajdon\u00fa t\u00e9rk\u0151gy\u00e1rt\u00f3n\u00e1l\u00a0<\/strong><\/p>\n\n\n\n<p><em>El\u0151ad\u00f3: Pluzsik Tam\u00e1s (Barab\u00e1s T\u00e9glak\u0151 Kft.)&nbsp;<\/em><\/p>\n\n\n\n<p><strong>11.45 Reag\u00e1lunk vagy alak\u00edtjuk a piacot? Term\u00e9kfejleszt\u00e9s \u00e9s innov\u00e1ci\u00f3 a t\u00e9rk\u0151gy\u00e1rt\u00e1sban.\u00a0<\/strong><\/p>\n\n\n\n<p><em>El\u0151ad\u00f3: Magera Ott\u00f3 (SW Umwelttechnik Magyarorszg\u00e1g Kft.)&nbsp;<\/em><\/p>\n\n\n\n<p><strong>12.15 T\u00e9rburkolatok \u00e1gyaz\u00e1sa \u00e9s fug\u00e1z\u00e1sa Sika anyagrendszerekkel\u00a0<\/strong><\/p>\n\n\n\n<p><em>El\u0151ad\u00f3: Bartha Veronika (SIKA Hung\u00e1ria Kft.)&nbsp;<\/em><\/p>\n\n\n\n<p><strong>12.45 Szakmai \u00f6sszefoglal\u00f3\u00a0<\/strong><\/p>\n\n\n\n<p><em>El\u0151ad\u00f3: T\u00e1rczy L\u00e1szl\u00f3 (Reform\u00fat Kft.)&nbsp;<\/em><\/p>\n\n\n\n<p><strong>12.55 Z\u00e1r\u00f3 gondolatok\u00a0<\/strong><\/p>\n\n\n\n<p><em>Nyiri Szabolcs eln\u00f6k (MA\u00daT)\u00a0<\/em><\/p>\n\n\n\n<p><\/p>\n\n\n\n<p>Szeretettel v\u00e1rjuk \u00d6nt \u00e9s munkat\u00e1rsait online rendezv\u00e9ny\u00fcnk\u00f6n!\u00a0<\/p>\n\n\n\n<p><\/p>\n\n\n\n<p><a href=\"https:\/\/mernokvagyok.hu\/kozlekedesi\/wp-content\/uploads\/2023\/11\/IF_25_meghivo_2023_11_30.pdf\" target=\"_blank\" rel=\"noreferrer noopener\">IF_25_meghi\u0301vo\u0301_2023_11_30<\/a><\/p>\n","protected":false},"excerpt":{"rendered":"<p>Online rendezv\u00e9ny&nbsp; Tisztelt Koll\u00e9ga!\u00a0 A MA\u00daT Magyar \u00dat-\u00e9s Vas\u00fat\u00fcgyi T\u00e1rsas\u00e1g \u00faj szakmai t\u00e1j\u00e9koztat\u00f3 f\u00f3rumot hozott l\u00e9tre az innovat\u00edv technol\u00f3gi\u00e1k \u00e9s m\u00f3dszerek sz\u00e9lesebb szakmai k\u00f6zv\u00e9lem\u00e9nnyel t\u00f6rt\u00e9n\u0151 megismertet\u00e9se c\u00e9lj\u00e1b\u00f3l.&nbsp; A f\u00e9lnapos rendezv\u00e9nyeken az el\u0151zetesen \u00e9rdekl\u0151d\u00e9s\u00fcket jelz\u0151 jelentkez\u0151k k\u00f6r\u00e9b\u0151l kiv\u00e1lasztott el\u0151ad\u00e1sok hangzanak el a szakmai csatorn\u00e1kon jelentkez\u0151 hallgat\u00f3s\u00e1g (tervez\u0151k, kivitelez\u0151k, \u00fczemeltet\u0151k, szak\u00e9rt\u0151k) el\u0151tt, majd lehet\u0151s\u00e9get biztos\u00edtunk hozz\u00e1sz\u00f3l\u00e1sokra \u00e9s [&hellip;]<\/p>\n","protected":false},"author":873,"featured_media":0,"comment_status":"closed","ping_status":"closed","sticky":false,"template":"","format":"standard","meta":{"footnotes":""},"categories":[12],"tags":[],"class_list":["post-1470","post","type-post","status-publish","format-standard","hentry","category-tagozati-hirek-esemenyek"],"_links":{"self":[{"href":"https:\/\/mernokvagyok.hu\/kozlekedesi\/wp-json\/wp\/v2\/posts\/1470","targetHints":{"allow":["GET"]}}],"collection":[{"href":"https:\/\/mernokvagyok.hu\/kozlekedesi\/wp-json\/wp\/v2\/posts"}],"about":[{"href":"https:\/\/mernokvagyok.hu\/kozlekedesi\/wp-json\/wp\/v2\/types\/post"}],"author":[{"embeddable":true,"href":"https:\/\/mernokvagyok.hu\/kozlekedesi\/wp-json\/wp\/v2\/users\/873"}],"replies":[{"embeddable":true,"href":"https:\/\/mernokvagyok.hu\/kozlekedesi\/wp-json\/wp\/v2\/comments?post=1470"}],"version-history":[{"count":1,"href":"https:\/\/mernokvagyok.hu\/kozlekedesi\/wp-json\/wp\/v2\/posts\/1470\/revisions"}],"predecessor-version":[{"id":1472,"href":"https:\/\/mernokvagyok.hu\/kozlekedesi\/wp-json\/wp\/v2\/posts\/1470\/revisions\/1472"}],"wp:attachment":[{"href":"https:\/\/mernokvagyok.hu\/kozlekedesi\/wp-json\/wp\/v2\/media?parent=1470"}],"wp:term":[{"taxonomy":"category","embeddable":true,"href":"https:\/\/mernokvagyok.hu\/kozlekedesi\/wp-json\/wp\/v2\/categories?post=1470"},{"taxonomy":"post_tag","embeddable":true,"href":"https:\/\/mernokvagyok.hu\/kozlekedesi\/wp-json\/wp\/v2\/tags?post=1470"}],"curies":[{"name":"wp","href":"https:\/\/api.w.org\/{rel}","templated":true}]}}