{"id":147,"date":"2020-07-09T11:23:22","date_gmt":"2020-07-09T09:23:22","guid":{"rendered":"https:\/\/mernokvagyok.hu\/kozlekedesi\/?p=147"},"modified":"2021-06-08T15:48:08","modified_gmt":"2021-06-08T13:48:08","slug":"ertesites-kozlekedesfejlesztes-magyarorszagon","status":"publish","type":"post","link":"https:\/\/mernokvagyok.hu\/kozlekedesi\/ertesites-kozlekedesfejlesztes-magyarorszagon\/","title":{"rendered":"\u00c9rtes\u00edt\u00e9s &#8211; K\u00f6zleked\u00e9sfejleszt\u00e9s Magyarorsz\u00e1gon"},"content":{"rendered":"\n<p>Tisztelt Koll\u00e9g\u00e1k!<\/p>\n\n\n\n<p><br>Ez\u00faton t\u00e1j\u00e9koztatjuk \u00f6n\u00f6ket, hogy a 2020. szeptember 9\u201311. k\u00f6z\u00f6tt Si\u00f3fokra tervezett, <strong>\u201eK\u00f6zleked\u00e9sfejleszt\u00e9s Magyarorsz\u00e1gon\u201d<\/strong> c\u00edm\u0171 konferenci\u00e1nkat a koronav\u00edrus-j\u00e1rv\u00e1nyra \u00e9s a bizonytalan tov\u00e1bbi kimenetelre tekintettel \u00faj id\u0151pontban, <strong>2021. szeptember 29. &#8211; okt\u00f3ber 2. <\/strong>k\u00f6z\u00f6tt rendezz\u00fck meg.<\/p>\n\n\n\n<p><br>R\u00e9szletek a \u201eJelentkez\u00e9si felh\u00edv\u00e1s\u201d dokumentumban olvashat\u00f3k.<br>Meg\u00e9rt\u00e9s\u00fcket k\u00f6sz\u00f6nj\u00fck, \u00e9s v\u00e1rjuk \u00f6n\u00f6ket a konferenci\u00e1n!<\/p>\n\n\n\n<div class=\"wp-block-file\"><a href=\"https:\/\/mernokvagyok.hu\/kozlekedesi\/wp-content\/uploads\/2021\/04\/E\u0301rtesi\u0301te\u0301s_200316.docx\">E\u0301rtesi\u0301te\u0301s_200316<\/a><a href=\"https:\/\/mernokvagyok.hu\/kozlekedesi\/wp-content\/uploads\/2021\/04\/E\u0301rtesi\u0301te\u0301s_200316.docx\" class=\"wp-block-file__button\" download>Let\u00f6lt\u00e9s<\/a><\/div>\n\n\n\n<div class=\"wp-block-file\"><a href=\"https:\/\/mernokvagyok.hu\/kozlekedesi\/wp-content\/uploads\/2021\/04\/Jelentkeze\u0301si-felhi\u0301va\u0301s_200315.docx\">Jelentkeze\u0301si-felhi\u0301va\u0301s_200315<\/a><a href=\"https:\/\/mernokvagyok.hu\/kozlekedesi\/wp-content\/uploads\/2021\/04\/Jelentkeze\u0301si-felhi\u0301va\u0301s_200315.docx\" class=\"wp-block-file__button\" download>Let\u00f6lt\u00e9s<\/a><\/div>\n\n\n\n<div class=\"wp-block-file\"><a href=\"https:\/\/mernokvagyok.hu\/kozlekedesi\/wp-content\/uploads\/2021\/04\/Program_vegl_2020630.pdf\">Program_vegl_2020630<\/a><a href=\"https:\/\/mernokvagyok.hu\/kozlekedesi\/wp-content\/uploads\/2021\/04\/Program_vegl_2020630.pdf\" class=\"wp-block-file__button\" download>Let\u00f6lt\u00e9s<\/a><\/div>\n","protected":false},"excerpt":{"rendered":"<p>Tisztelt Koll\u00e9g\u00e1k! Ez\u00faton t\u00e1j\u00e9koztatjuk \u00f6n\u00f6ket, hogy a 2020. szeptember 9\u201311. k\u00f6z\u00f6tt Si\u00f3fokra tervezett, \u201eK\u00f6zleked\u00e9sfejleszt\u00e9s Magyarorsz\u00e1gon\u201d c\u00edm\u0171 konferenci\u00e1nkat a koronav\u00edrus-j\u00e1rv\u00e1nyra \u00e9s a bizonytalan tov\u00e1bbi kimenetelre tekintettel \u00faj id\u0151pontban, 2021. szeptember 29. &#8211; okt\u00f3ber 2. k\u00f6z\u00f6tt rendezz\u00fck meg. R\u00e9szletek a \u201eJelentkez\u00e9si felh\u00edv\u00e1s\u201d dokumentumban olvashat\u00f3k.Meg\u00e9rt\u00e9s\u00fcket k\u00f6sz\u00f6nj\u00fck, \u00e9s v\u00e1rjuk \u00f6n\u00f6ket a konferenci\u00e1n!<\/p>\n","protected":false},"author":873,"featured_media":0,"comment_status":"closed","ping_status":"closed","sticky":false,"template":"","format":"standard","meta":{"footnotes":""},"categories":[11],"tags":[],"class_list":["post-147","post","type-post","status-publish","format-standard","hentry","category-szakmai-konferenciak-esemenyek"],"_links":{"self":[{"href":"https:\/\/mernokvagyok.hu\/kozlekedesi\/wp-json\/wp\/v2\/posts\/147","targetHints":{"allow":["GET"]}}],"collection":[{"href":"https:\/\/mernokvagyok.hu\/kozlekedesi\/wp-json\/wp\/v2\/posts"}],"about":[{"href":"https:\/\/mernokvagyok.hu\/kozlekedesi\/wp-json\/wp\/v2\/types\/post"}],"author":[{"embeddable":true,"href":"https:\/\/mernokvagyok.hu\/kozlekedesi\/wp-json\/wp\/v2\/users\/873"}],"replies":[{"embeddable":true,"href":"https:\/\/mernokvagyok.hu\/kozlekedesi\/wp-json\/wp\/v2\/comments?post=147"}],"version-history":[{"count":3,"href":"https:\/\/mernokvagyok.hu\/kozlekedesi\/wp-json\/wp\/v2\/posts\/147\/revisions"}],"predecessor-version":[{"id":254,"href":"https:\/\/mernokvagyok.hu\/kozlekedesi\/wp-json\/wp\/v2\/posts\/147\/revisions\/254"}],"wp:attachment":[{"href":"https:\/\/mernokvagyok.hu\/kozlekedesi\/wp-json\/wp\/v2\/media?parent=147"}],"wp:term":[{"taxonomy":"category","embeddable":true,"href":"https:\/\/mernokvagyok.hu\/kozlekedesi\/wp-json\/wp\/v2\/categories?post=147"},{"taxonomy":"post_tag","embeddable":true,"href":"https:\/\/mernokvagyok.hu\/kozlekedesi\/wp-json\/wp\/v2\/tags?post=147"}],"curies":[{"name":"wp","href":"https:\/\/api.w.org\/{rel}","templated":true}]}}