{"id":1449,"date":"2023-09-25T11:03:26","date_gmt":"2023-09-25T09:03:26","guid":{"rendered":"https:\/\/mernokvagyok.hu\/kozlekedesi\/?p=1449"},"modified":"2023-09-25T11:03:32","modified_gmt":"2023-09-25T09:03:32","slug":"23-maut-innovacios-forum-2023-09-28","status":"publish","type":"post","link":"https:\/\/mernokvagyok.hu\/kozlekedesi\/23-maut-innovacios-forum-2023-09-28\/","title":{"rendered":"23. MA\u00daT Innov\u00e1ci\u00f3s F\u00f3rum &#8211; 2023.09.28."},"content":{"rendered":"\n<p>A MA\u00daT Magyar \u00dat-\u00e9s Vas\u00fat\u00fcgyi T\u00e1rsas\u00e1g \u00faj szakmai t\u00e1j\u00e9koztat\u00f3 f\u00f3rumot hozott l\u00e9tre az innovat\u00edv technol\u00f3gi\u00e1k \u00e9s m\u00f3dszerek sz\u00e9lesebb szakmai k\u00f6zv\u00e9lem\u00e9nnyel t\u00f6rt\u00e9n\u0151 megismertet\u00e9se c\u00e9lj\u00e1b\u00f3l.<\/p>\n\n\n\n<p>A f\u00e9lnapos rendezv\u00e9nyeken az el\u0151zetesen \u00e9rdekl\u0151d\u00e9s\u00fcket jelz\u0151 jelentkez\u0151k k\u00f6r\u00e9b\u0151l kiv\u00e1lasztott el\u0151ad\u00e1sok hangzanak el a szakmai csatorn\u00e1kon jelentkez\u0151 hallgat\u00f3s\u00e1g (tervez\u0151k, kivitelez\u0151k, \u00fczemeltet\u0151k, szak\u00e9rt\u0151k) el\u0151tt, majd lehet\u0151s\u00e9get biztos\u00edtunk hozz\u00e1sz\u00f3l\u00e1sokra \u00e9s konzult\u00e1ci\u00f3ra is, sz\u00e1nd\u00e9k szerint mindig t\u00f6bb oldalr\u00f3l is megvil\u00e1g\u00edtva a lehets\u00e9ges alkalmaz\u00e1sok felt\u00e9teleit, lehet\u0151s\u00e9geit, el\u0151nyeit, h\u00e1tr\u00e1nyait.<\/p>\n\n\n\n<p>A k\u00f6vetkez\u0151 f\u00f3rum t\u00e9m\u00e1ja \u00e9s id\u0151pontja:<\/p>\n\n\n\n<p class=\"has-text-align-center\"><strong>G\u00c9P\u00c9SZET A FEJL\u0150D\u00c9S SZOLG\u00c1LAT\u00c1BAN<\/strong><\/p>\n\n\n\n<p class=\"has-text-align-center\"><strong>Id\u0151pont: 2023. szeptember 28. cs\u00fct\u00f6rt\u00f6k, 9.00-13.15 \u00f3ra<\/strong><\/p>\n\n\n\n<p>Az online rendezv\u00e9nyen val\u00f3 r\u00e9szv\u00e9tel ingyenes, de el\u0151zetes regisztr\u00e1ci\u00f3hoz k\u00f6t\u00f6tt.<br>El\u0151zetes regisztr\u00e1ci\u00f3: <a href=\"https:\/\/forms.gle\/MkmzXbF8dYCEtHXB6\" target=\"_blank\" rel=\"noreferrer noopener\">https:\/\/forms.gle\/MkmzXbF8dYCEtHXB6<\/a><\/p>\n\n\n\n<p>Szeretettel v\u00e1rjuk \u00d6nt \u00e9s munkat\u00e1rsait online rendezv\u00e9ny\u00fcnk\u00f6n!<\/p>\n\n\n\n<p>Megh\u00edv\u00f3<\/p>\n","protected":false},"excerpt":{"rendered":"<p>A MA\u00daT Magyar \u00dat-\u00e9s Vas\u00fat\u00fcgyi T\u00e1rsas\u00e1g \u00faj szakmai t\u00e1j\u00e9koztat\u00f3 f\u00f3rumot hozott l\u00e9tre az innovat\u00edv technol\u00f3gi\u00e1k \u00e9s m\u00f3dszerek sz\u00e9lesebb szakmai k\u00f6zv\u00e9lem\u00e9nnyel t\u00f6rt\u00e9n\u0151 megismertet\u00e9se c\u00e9lj\u00e1b\u00f3l. A f\u00e9lnapos rendezv\u00e9nyeken az el\u0151zetesen \u00e9rdekl\u0151d\u00e9s\u00fcket jelz\u0151 jelentkez\u0151k k\u00f6r\u00e9b\u0151l kiv\u00e1lasztott el\u0151ad\u00e1sok hangzanak el a szakmai csatorn\u00e1kon jelentkez\u0151 hallgat\u00f3s\u00e1g (tervez\u0151k, kivitelez\u0151k, \u00fczemeltet\u0151k, szak\u00e9rt\u0151k) el\u0151tt, majd lehet\u0151s\u00e9get biztos\u00edtunk hozz\u00e1sz\u00f3l\u00e1sokra \u00e9s konzult\u00e1ci\u00f3ra is, sz\u00e1nd\u00e9k szerint [&hellip;]<\/p>\n","protected":false},"author":873,"featured_media":0,"comment_status":"closed","ping_status":"closed","sticky":false,"template":"","format":"standard","meta":{"footnotes":""},"categories":[12],"tags":[],"class_list":["post-1449","post","type-post","status-publish","format-standard","hentry","category-tagozati-hirek-esemenyek"],"_links":{"self":[{"href":"https:\/\/mernokvagyok.hu\/kozlekedesi\/wp-json\/wp\/v2\/posts\/1449","targetHints":{"allow":["GET"]}}],"collection":[{"href":"https:\/\/mernokvagyok.hu\/kozlekedesi\/wp-json\/wp\/v2\/posts"}],"about":[{"href":"https:\/\/mernokvagyok.hu\/kozlekedesi\/wp-json\/wp\/v2\/types\/post"}],"author":[{"embeddable":true,"href":"https:\/\/mernokvagyok.hu\/kozlekedesi\/wp-json\/wp\/v2\/users\/873"}],"replies":[{"embeddable":true,"href":"https:\/\/mernokvagyok.hu\/kozlekedesi\/wp-json\/wp\/v2\/comments?post=1449"}],"version-history":[{"count":1,"href":"https:\/\/mernokvagyok.hu\/kozlekedesi\/wp-json\/wp\/v2\/posts\/1449\/revisions"}],"predecessor-version":[{"id":1451,"href":"https:\/\/mernokvagyok.hu\/kozlekedesi\/wp-json\/wp\/v2\/posts\/1449\/revisions\/1451"}],"wp:attachment":[{"href":"https:\/\/mernokvagyok.hu\/kozlekedesi\/wp-json\/wp\/v2\/media?parent=1449"}],"wp:term":[{"taxonomy":"category","embeddable":true,"href":"https:\/\/mernokvagyok.hu\/kozlekedesi\/wp-json\/wp\/v2\/categories?post=1449"},{"taxonomy":"post_tag","embeddable":true,"href":"https:\/\/mernokvagyok.hu\/kozlekedesi\/wp-json\/wp\/v2\/tags?post=1449"}],"curies":[{"name":"wp","href":"https:\/\/api.w.org\/{rel}","templated":true}]}}