{"id":1444,"date":"2023-09-13T18:02:17","date_gmt":"2023-09-13T16:02:17","guid":{"rendered":"https:\/\/mernokvagyok.hu\/kozlekedesi\/?p=1444"},"modified":"2023-09-13T18:03:04","modified_gmt":"2023-09-13T16:03:04","slug":"foto-es-rovidfilm-palyazat-2023","status":"publish","type":"post","link":"https:\/\/mernokvagyok.hu\/kozlekedesi\/foto-es-rovidfilm-palyazat-2023\/","title":{"rendered":"Fot\u00f3 \u00e9s r\u00f6vidfilm p\u00e1ly\u00e1zat 2023"},"content":{"rendered":"\n<p class=\"has-text-align-center\"><strong>K\u00d6ZLEKED\u00c9STUDOM\u00c1NYI EGYES\u00dcLET\u00ae<\/strong><\/p>\n\n\n\n<figure class=\"wp-block-table is-style-stripes\"><table><tbody><tr><td class=\"has-text-align-center\" data-align=\"center\"><strong>UNGARISCHER\u00a0<\/strong> <strong>VERKEHRSWISSENSCHAFTLICHER VEREIN\u00a0<\/strong><\/td><td class=\"has-text-align-center\" data-align=\"center\"><strong>HUNGARIAN&nbsp;<\/strong> <strong>SCIENTIFIC ASSOCIATION&nbsp;<\/strong> <strong>FOR TRANSPORT&nbsp;<\/strong><\/td><td class=\"has-text-align-center\" data-align=\"center\"><strong>ASSOCIATION SCIENTIFIQUE&nbsp;<\/strong> <strong>HONGROISE POUR&nbsp;<\/strong> <strong>LES TRANSPORTS&nbsp;<\/strong><\/td><\/tr><\/tbody><\/table><\/figure>\n\n\n\n<p class=\"has-text-align-center\">&nbsp;<strong>Fot\u00f3 \u00e9s r\u00f6vidfilm p\u00e1ly\u00e1zat 2023 \u2013 P\u00e1ly\u00e1zati ki\u00edr\u00e1s&nbsp;<\/strong><\/p>\n\n\n\n<p class=\"has-text-align-center\"><strong>Bek\u00fcld\u00e9si hat\u00e1rid\u0151: 2023. szeptember 25.&nbsp;<\/strong><\/p>\n\n\n\n<p>A K\u00f6zleked\u00e9studom\u00e1nyi Egyes\u00fclet p\u00e1ly\u00e1zatot hirdet a k\u00f6zleked\u00e9si szakter\u00fclet k\u00e9pi megjelen\u00edt\u00e9s\u00e9nek er\u0151s\u00edt\u00e9s\u00e9re.&nbsp;<\/p>\n\n\n\n<p>A p\u00e1ly\u00e1zat c\u00e9lja \u00e1polni azt a hagyom\u00e1nyt, amelyben a k\u00f6zleked\u00e9si szakma k\u00e9pekben is l\u00e1that\u00f3v\u00e1 v\u00e1lik, tov\u00e1bb\u00e1 a fot\u00f3arch\u00edvum b\u0151v\u00edt\u00e9se, a k\u00e9sz\u00fcl\u0151 szakmai kiadv\u00e1nyok megfelel\u0151 min\u0151s\u00e9g\u0171 \u00e9s mennyis\u00e9g\u0171 k\u00e9panyaggal val\u00f3 ell\u00e1t\u00e1sa. A p\u00e1ly\u00e1zat sor\u00e1n olyan p\u00e1ly\u00e1zatokat v\u00e1rnak a szervez\u0151k, amelyek a k\u00f6zleked\u00e9shez, a k\u00f6zleked\u00e9s mindennapjaihoz kapcsol\u00f3dnak.&nbsp;<\/p>\n\n\n\n<p><\/p>\n\n\n\n<p><strong>2023-ben k\u00e9t kateg\u00f3ri\u00e1ban lehet p\u00e1ly\u00e1zni, melyekre digit\u00e1lis f\u00e9nyk\u00e9pez\u0151g\u00e9ppel, mobil telefonnal vagy vide\u00f3kamer\u00e1val k\u00e9sz\u00edtett felv\u00e9telek k\u00fcldhet\u0151k be.\u00a0<\/strong><\/p>\n\n\n\n<p><strong>P\u00e1ly\u00e1zati kateg\u00f3ri\u00e1k&nbsp;<\/strong><\/p>\n\n\n\n<ol class=\"wp-block-list\">\n<li><strong><em>A) K\u00f6zutak, vasutak, l\u00e9gi- \u00e9s v\u00edzi k\u00f6zleked\u00e9s\u00a0<\/em><\/strong><\/li>\n<\/ol>\n\n\n\n<p>A term\u00e9szet, a l\u00e9gi- \u00e9s v\u00edzi k\u00f6zleked\u00e9s, az \u00fat, a vas\u00fat \u00e9s a pihen\u0151helyek kapcsolata. A l\u00e9tes\u00edtm\u00e9nyek \u00f6n\u00e1ll\u00f3 eszt\u00e9tik\u00e1ja \u00e9s harm\u00f3ni\u00e1ja a k\u00f6rnyezettel. Egy p\u00e1ly\u00e1z\u00f3 legfeljebb 4 k\u00e9ppel p\u00e1ly\u00e1zhat ebben a kateg\u00f3ri\u00e1ban.&nbsp;<\/p>\n\n\n\n<ol class=\"wp-block-list\">\n<li><strong><em>B) M\u0171t\u00e1rgyak&nbsp;<\/em><\/strong><\/li>\n<\/ol>\n\n\n\n<p>A term\u00e9szet \u00e9s a m\u0171t\u00e1rgyak kapcsolata. A l\u00e9tes\u00edtm\u00e9nyek \u00f6n\u00e1ll\u00f3 eszt\u00e9tik\u00e1ja \u00e9s harm\u00f3ni\u00e1ja a k\u00f6rnyezettel. Egy p\u00e1ly\u00e1z\u00f3 legfeljebb 4 k\u00e9ppel p\u00e1ly\u00e1zhat ebben a kateg\u00f3ri\u00e1ban.&nbsp;<\/p>\n\n\n\n<ol class=\"wp-block-list\">\n<li><strong><em>C) R\u00f6vidfilm&nbsp;<\/em><\/strong><\/li>\n<\/ol>\n\n\n\n<p>A k\u00f6zleked\u00e9si szakter\u00fclet b\u00e1rmelyik szegmens\u00e9t (infrastrukt\u00fara \u00e9p\u00edt\u00e9se, \u00fczemeltet\u00e9s, fel\u00faj\u00edt\u00e1s, k\u00f6z\u00f6ss\u00e9gi k\u00f6zleked\u00e9s\u2026stb) \u00e9rint\u0151 r\u00f6vidfilm. Egy p\u00e1ly\u00e1z\u00f3 legfeljebb 2 r\u00f6vidfilmmel p\u00e1ly\u00e1zhat ebben a kateg\u00f3ri\u00e1ban.<\/p>\n\n\n\n<p><\/p>\n\n\n\n<p>Tov\u00e1bbi inform\u00e1ci\u00f3 \u00e9s p\u00e1ly\u00e1zati felt\u00e9telek: \u00a0<a href=\"https:\/\/mernokvagyok.hu\/kozlekedesi\/wp-content\/uploads\/2023\/09\/Fotopalyazat_2023-felhivas-3.0.pdf\" target=\"_blank\" rel=\"noreferrer noopener\">Fot\u00f3 \u00e9s r\u00f6vidfilm p\u00e1ly\u00e1zat 2023. K\u00f6zleked\u00e9studom\u00e1nyi Egyes\u00fclet\u2013 P\u00e1ly\u00e1zati ki\u00edr\u00e1s\u00a0\u00a0<\/a><\/p>\n","protected":false},"excerpt":{"rendered":"<p>K\u00d6ZLEKED\u00c9STUDOM\u00c1NYI EGYES\u00dcLET\u00ae UNGARISCHER\u00a0 VERKEHRSWISSENSCHAFTLICHER VEREIN\u00a0 HUNGARIAN&nbsp; SCIENTIFIC ASSOCIATION&nbsp; FOR TRANSPORT&nbsp; ASSOCIATION SCIENTIFIQUE&nbsp; HONGROISE POUR&nbsp; LES TRANSPORTS&nbsp; &nbsp;Fot\u00f3 \u00e9s r\u00f6vidfilm p\u00e1ly\u00e1zat 2023 \u2013 P\u00e1ly\u00e1zati ki\u00edr\u00e1s&nbsp; Bek\u00fcld\u00e9si hat\u00e1rid\u0151: 2023. szeptember 25.&nbsp; A K\u00f6zleked\u00e9studom\u00e1nyi Egyes\u00fclet p\u00e1ly\u00e1zatot hirdet a k\u00f6zleked\u00e9si szakter\u00fclet k\u00e9pi megjelen\u00edt\u00e9s\u00e9nek er\u0151s\u00edt\u00e9s\u00e9re.&nbsp; A p\u00e1ly\u00e1zat c\u00e9lja \u00e1polni azt a hagyom\u00e1nyt, amelyben a k\u00f6zleked\u00e9si szakma k\u00e9pekben is l\u00e1that\u00f3v\u00e1 v\u00e1lik, [&hellip;]<\/p>\n","protected":false},"author":873,"featured_media":0,"comment_status":"closed","ping_status":"closed","sticky":false,"template":"","format":"standard","meta":{"footnotes":""},"categories":[12],"tags":[],"class_list":["post-1444","post","type-post","status-publish","format-standard","hentry","category-tagozati-hirek-esemenyek"],"_links":{"self":[{"href":"https:\/\/mernokvagyok.hu\/kozlekedesi\/wp-json\/wp\/v2\/posts\/1444","targetHints":{"allow":["GET"]}}],"collection":[{"href":"https:\/\/mernokvagyok.hu\/kozlekedesi\/wp-json\/wp\/v2\/posts"}],"about":[{"href":"https:\/\/mernokvagyok.hu\/kozlekedesi\/wp-json\/wp\/v2\/types\/post"}],"author":[{"embeddable":true,"href":"https:\/\/mernokvagyok.hu\/kozlekedesi\/wp-json\/wp\/v2\/users\/873"}],"replies":[{"embeddable":true,"href":"https:\/\/mernokvagyok.hu\/kozlekedesi\/wp-json\/wp\/v2\/comments?post=1444"}],"version-history":[{"count":2,"href":"https:\/\/mernokvagyok.hu\/kozlekedesi\/wp-json\/wp\/v2\/posts\/1444\/revisions"}],"predecessor-version":[{"id":1447,"href":"https:\/\/mernokvagyok.hu\/kozlekedesi\/wp-json\/wp\/v2\/posts\/1444\/revisions\/1447"}],"wp:attachment":[{"href":"https:\/\/mernokvagyok.hu\/kozlekedesi\/wp-json\/wp\/v2\/media?parent=1444"}],"wp:term":[{"taxonomy":"category","embeddable":true,"href":"https:\/\/mernokvagyok.hu\/kozlekedesi\/wp-json\/wp\/v2\/categories?post=1444"},{"taxonomy":"post_tag","embeddable":true,"href":"https:\/\/mernokvagyok.hu\/kozlekedesi\/wp-json\/wp\/v2\/tags?post=1444"}],"curies":[{"name":"wp","href":"https:\/\/api.w.org\/{rel}","templated":true}]}}