{"id":1434,"date":"2023-08-17T14:12:32","date_gmt":"2023-08-17T12:12:32","guid":{"rendered":"https:\/\/mernokvagyok.hu\/kozlekedesi\/?p=1434"},"modified":"2023-08-17T14:12:35","modified_gmt":"2023-08-17T12:12:35","slug":"dr-boromisza-tibor-emlekules","status":"publish","type":"post","link":"https:\/\/mernokvagyok.hu\/kozlekedesi\/dr-boromisza-tibor-emlekules\/","title":{"rendered":"Dr. Boromisza Tibor Eml\u00e9k\u00fcl\u00e9s"},"content":{"rendered":"\n<p>DR. BOROMISZA TIBOR\u00a0<\/p>\n\n\n\n<p>egy kiemelked\u0151 gyakorlati \u00e9rz\u00e9k\u0171 \u201euomo universale\u201d\u00a0<\/p>\n\n\n\n<p><strong>EML\u00c9K\u00dcL\u00c9S<\/strong><\/p>\n\n\n\n<p><\/p>\n\n\n\n<p>Id\u0151pont: 2023. szeptember 21. (cs\u00fct\u00f6rt\u00f6k) 13:00-16:00<\/p>\n\n\n\n<p>Helysz\u00edn:  KTI Magyar K\u00f6zleked\u00e9studom\u00e1nyi \u00e9s Logisztikai Int\u00e9zet 4. emeleti t\u00e1rgyal\u00f3terme (Budapest XI. ker\u00fclet, Than K\u00e1roly utca 3-5.) <\/p>\n\n\n\n<p><\/p>\n\n\n\n<h2 class=\"wp-block-heading\">Program:<\/h2>\n\n\n\n<p>Levezt\u0151 eln\u00f6k: dr. G\u00e1sp\u00e1r L\u00e1szl\u00f3<\/p>\n\n\n\n<p><strong>13.00 \u00f3ra\u00a0<\/strong><\/p>\n\n\n\n<p>Szem\u00e9lyes megeml\u00e9kez\u00e9s dr. Boromisza Tiborr\u00f3l \u2013 Boromisza G\u00e1bor&nbsp;<\/p>\n\n\n\n<p>Megnyit\u00f3 &#8211; Nyiri Szabolcs MA\u00daT eln\u00f6k&nbsp;<\/p>\n\n\n\n<p>dr. Szepesh\u00e1zi R\u00f3bert: (\u00dat)t\u00fck\u00f6rbe n\u00e9zve&#8230;<\/p>\n\n\n\n<p>dr. T\u00f3th Csaba: Hajl\u00e9kony \u00fatp\u00e1lyaszerkezetek m\u00e9retez\u00e9se \u00e9s a (kl\u00edma)v\u00e1ltoz\u00e1s<\/p>\n\n\n\n<p><\/p>\n\n\n\n<p><strong>14.30 \u00f3ra<\/strong> Sz\u00fcnet<\/p>\n\n\n\n<p><\/p>\n\n\n\n<p><strong>15.00 \u00f3ra\u00a0<\/strong><\/p>\n\n\n\n<p>dr. Bence Zsolt: Tempora mutantur et nos mutamur in illis (Az id\u0151k v\u00e1ltoznak\u00e9s mi v\u00e1ltozunk vel\u00fck)<\/p>\n\n\n\n<p>Szerencsi G\u00e1bor: \u00dat\u00e1llapotok \u00e9s fel\u00faj\u00edt\u00e1sok az \u00e1llami h\u00e1l\u00f3zaton<\/p>\n\n\n\n<p>Hozz\u00e1sz\u00f3l\u00e1sok<\/p>\n\n\n\n<p><\/p>\n\n\n\n<p><strong>A r\u00e9szv\u00e9tel ingyenes, de a korl\u00e1tozott f\u00e9r\u0151helyek miatt regisztr\u00e1ci\u00f3hoz k\u00f6t\u00f6tt.<\/strong><\/p>\n\n\n\n<p><a href=\"https:\/\/forms.gle\/A4F6jQ7ywUMw1kD17\">https:\/\/forms.gle\/A4F6jQ7ywUMw1kD17<\/a><\/p>\n\n\n\n<p>Az elfogadott regisztr\u00e1ci\u00f3r\u00f3l k\u00fcl\u00f6n \u00e9rtes\u00edt\u00e9st k\u00fcld\u00fcnk.&nbsp;<\/p>\n\n\n\n<p>Hat\u00e1rid\u0151: szeptember 10.<\/p>\n\n\n\n<p>Tov\u00e1bbi inform\u00e1ci\u00f3: www.maut.hu, e-mail: office@maut.hu<\/p>\n\n\n\n<p><\/p>\n\n\n\n<p><a href=\"https:\/\/mernokvagyok.hu\/kozlekedesi\/wp-content\/uploads\/2023\/08\/Dr.-Boromisza-Tibor-emlekules-meghivo_20230921.pdf\" target=\"_blank\" rel=\"noreferrer noopener\">LET\u00d6LTHET\u0150 MEGH\u00cdV\u00d3<\/a><\/p>\n","protected":false},"excerpt":{"rendered":"<p>DR. BOROMISZA TIBOR\u00a0 egy kiemelked\u0151 gyakorlati \u00e9rz\u00e9k\u0171 \u201euomo universale\u201d\u00a0 EML\u00c9K\u00dcL\u00c9S Id\u0151pont: 2023. szeptember 21. (cs\u00fct\u00f6rt\u00f6k) 13:00-16:00 Helysz\u00edn: KTI Magyar K\u00f6zleked\u00e9studom\u00e1nyi \u00e9s Logisztikai Int\u00e9zet 4. emeleti t\u00e1rgyal\u00f3terme (Budapest XI. ker\u00fclet, Than K\u00e1roly utca 3-5.) Program: Levezt\u0151 eln\u00f6k: dr. G\u00e1sp\u00e1r L\u00e1szl\u00f3 13.00 \u00f3ra\u00a0 Szem\u00e9lyes megeml\u00e9kez\u00e9s dr. Boromisza Tiborr\u00f3l \u2013 Boromisza G\u00e1bor&nbsp; Megnyit\u00f3 &#8211; Nyiri Szabolcs MA\u00daT eln\u00f6k&nbsp; [&hellip;]<\/p>\n","protected":false},"author":873,"featured_media":0,"comment_status":"closed","ping_status":"closed","sticky":false,"template":"","format":"standard","meta":{"footnotes":""},"categories":[12,9],"tags":[],"class_list":["post-1434","post","type-post","status-publish","format-standard","hentry","category-tagozati-hirek-esemenyek","category-tagozati-rendezvenyek"],"_links":{"self":[{"href":"https:\/\/mernokvagyok.hu\/kozlekedesi\/wp-json\/wp\/v2\/posts\/1434","targetHints":{"allow":["GET"]}}],"collection":[{"href":"https:\/\/mernokvagyok.hu\/kozlekedesi\/wp-json\/wp\/v2\/posts"}],"about":[{"href":"https:\/\/mernokvagyok.hu\/kozlekedesi\/wp-json\/wp\/v2\/types\/post"}],"author":[{"embeddable":true,"href":"https:\/\/mernokvagyok.hu\/kozlekedesi\/wp-json\/wp\/v2\/users\/873"}],"replies":[{"embeddable":true,"href":"https:\/\/mernokvagyok.hu\/kozlekedesi\/wp-json\/wp\/v2\/comments?post=1434"}],"version-history":[{"count":1,"href":"https:\/\/mernokvagyok.hu\/kozlekedesi\/wp-json\/wp\/v2\/posts\/1434\/revisions"}],"predecessor-version":[{"id":1436,"href":"https:\/\/mernokvagyok.hu\/kozlekedesi\/wp-json\/wp\/v2\/posts\/1434\/revisions\/1436"}],"wp:attachment":[{"href":"https:\/\/mernokvagyok.hu\/kozlekedesi\/wp-json\/wp\/v2\/media?parent=1434"}],"wp:term":[{"taxonomy":"category","embeddable":true,"href":"https:\/\/mernokvagyok.hu\/kozlekedesi\/wp-json\/wp\/v2\/categories?post=1434"},{"taxonomy":"post_tag","embeddable":true,"href":"https:\/\/mernokvagyok.hu\/kozlekedesi\/wp-json\/wp\/v2\/tags?post=1434"}],"curies":[{"name":"wp","href":"https:\/\/api.w.org\/{rel}","templated":true}]}}