{"id":1303,"date":"2023-03-03T14:37:52","date_gmt":"2023-03-03T13:37:52","guid":{"rendered":"https:\/\/mernokvagyok.hu\/kozlekedesi\/?p=1303"},"modified":"2023-03-03T14:37:54","modified_gmt":"2023-03-03T13:37:54","slug":"videokonferencia-a-dunavecsei-hajogyar-letesitesevel-kapcsolatosan","status":"publish","type":"post","link":"https:\/\/mernokvagyok.hu\/kozlekedesi\/videokonferencia-a-dunavecsei-hajogyar-letesitesevel-kapcsolatosan\/","title":{"rendered":"Vide\u00f3konferencia a dunavecsei haj\u00f3gy\u00e1r l\u00e9tes\u00edt\u00e9s\u00e9vel kapcsolatosan"},"content":{"rendered":"\n<p>Szeretn\u00e9m sz\u00edves figyelm\u00fckbe aj\u00e1nlani a K\u00f6zleked\u00e9studom\u00e1nyi Egyes\u00fclet <strong>2023. m\u00e1rcius 13-i, 14:00 \u00f3r\u00e1s&nbsp;<\/strong>vide\u00f3konferenci\u00e1j\u00e1t, amelynek&nbsp;kereteiben ismertetj\u00fck a dunavecsei haj\u00f3gy\u00e1r l\u00e9tes\u00edt\u00e9s\u00e9vel kapcsolatos legfontosabb tudnival\u00f3kat, illetve az elektromos meghajt\u00e1s\u00fa szem\u00e9lysz\u00e1ll\u00edt\u00f3 haj\u00f3nk koncepci\u00f3j\u00e1t is bemutatjuk. Mindk\u00e9t t\u00e9m\u00e1val kapcsolatban egy 15-20 perces prezent\u00e1ci\u00f3t tekinthetnek meg, v\u00e9g\u00fcl pedig egy k\u00f6tetlen besz\u00e9lget\u00e9s sor\u00e1n k\u00e9rd\u00e9seiket is feltehetik. Az esem\u00e9ny honlapj\u00e1n szerepl\u0151 t\u00e1bl\u00e1zatban jelenleg t\u00e9vesen 13:00 \u00f3rai kezdet szerepel, de az el\u0151ad\u00e1sok val\u00f3j\u00e1ban 14:00 \u00f3rakor indulnak, a szervez\u0151k mihamarabb jav\u00edtj\u00e1k az el\u00fct\u00e9st.<\/p>\n\n\n\n<p><strong>Az esem\u00e9ny online, ingyenes, \u00e9s regisztr\u00e1ci\u00f3hoz sem k\u00f6t\u00f6tt.<\/strong> A konferencia nyilv\u00e1nos, ez\u00e9rt amennyiben tudom\u00e1sa van tov\u00e1bbi \u00e9rdekl\u0151d\u0151 munkat\u00e1rs\u00e1r\u00f3l vagy m\u00e1s ismer\u0151s\u00e9r\u0151l, k\u00e9rj\u00fck, tov\u00e1bb\u00edtsa a linket sz\u00e1mukra is.<\/p>\n\n\n\n<p>Tov\u00e1bbi inform\u00e1ci\u00f3t az esem\u00e9nyr\u0151l:<\/p>\n\n\n\n<p><a href=\"https:\/\/ktenet.hu\/esemenyek\/kozlekedestechnikai-napok-nemzetkozi-jelentosegu-hajogyar-letesul-dunavecsen\/\">https:\/\/ktenet.hu\/esemenyek\/kozlekedestechnikai-napok-nemzetkozi-jelentosegu-hajogyar-letesul-dunavecsen\/<\/a><\/p>\n\n\n\n<p>R\u00e9szletek a dunavecsei haj\u00f3gy\u00e1rr\u00f3l:<\/p>\n\n\n\n<p><a href=\"https:\/\/hajoipar.hu\/dunavecsei-haj\u00f3gy\u00e1r\">https:\/\/hajoipar.hu\/dunavecsei-haj\u00f3gy\u00e1r<\/a><\/p>\n\n\n\n<p>R\u00e9szletek az elektromos katamar\u00e1nr\u00f3l:<\/p>\n\n\n\n<p><a href=\"https:\/\/hajoipar.hu\/elektromos-katamar\u00e1n\">https:\/\/hajoipar.hu\/elektromos-katamar\u00e1n<\/a><\/p>\n\n\n\n<p>Sz\u00e1m\u00edtunk r\u00e9szv\u00e9tel\u00fckre!<\/p>\n","protected":false},"excerpt":{"rendered":"<p>Szeretn\u00e9m sz\u00edves figyelm\u00fckbe aj\u00e1nlani a K\u00f6zleked\u00e9studom\u00e1nyi Egyes\u00fclet 2023. m\u00e1rcius 13-i, 14:00 \u00f3r\u00e1s&nbsp;vide\u00f3konferenci\u00e1j\u00e1t, amelynek&nbsp;kereteiben ismertetj\u00fck a dunavecsei haj\u00f3gy\u00e1r l\u00e9tes\u00edt\u00e9s\u00e9vel kapcsolatos legfontosabb tudnival\u00f3kat, illetve az elektromos meghajt\u00e1s\u00fa szem\u00e9lysz\u00e1ll\u00edt\u00f3 haj\u00f3nk koncepci\u00f3j\u00e1t is bemutatjuk. Mindk\u00e9t t\u00e9m\u00e1val kapcsolatban egy 15-20 perces prezent\u00e1ci\u00f3t tekinthetnek meg, v\u00e9g\u00fcl pedig egy k\u00f6tetlen besz\u00e9lget\u00e9s sor\u00e1n k\u00e9rd\u00e9seiket is feltehetik. Az esem\u00e9ny honlapj\u00e1n szerepl\u0151 t\u00e1bl\u00e1zatban jelenleg t\u00e9vesen [&hellip;]<\/p>\n","protected":false},"author":873,"featured_media":0,"comment_status":"closed","ping_status":"closed","sticky":false,"template":"","format":"standard","meta":{"footnotes":""},"categories":[12],"tags":[],"class_list":["post-1303","post","type-post","status-publish","format-standard","hentry","category-tagozati-hirek-esemenyek"],"_links":{"self":[{"href":"https:\/\/mernokvagyok.hu\/kozlekedesi\/wp-json\/wp\/v2\/posts\/1303","targetHints":{"allow":["GET"]}}],"collection":[{"href":"https:\/\/mernokvagyok.hu\/kozlekedesi\/wp-json\/wp\/v2\/posts"}],"about":[{"href":"https:\/\/mernokvagyok.hu\/kozlekedesi\/wp-json\/wp\/v2\/types\/post"}],"author":[{"embeddable":true,"href":"https:\/\/mernokvagyok.hu\/kozlekedesi\/wp-json\/wp\/v2\/users\/873"}],"replies":[{"embeddable":true,"href":"https:\/\/mernokvagyok.hu\/kozlekedesi\/wp-json\/wp\/v2\/comments?post=1303"}],"version-history":[{"count":1,"href":"https:\/\/mernokvagyok.hu\/kozlekedesi\/wp-json\/wp\/v2\/posts\/1303\/revisions"}],"predecessor-version":[{"id":1304,"href":"https:\/\/mernokvagyok.hu\/kozlekedesi\/wp-json\/wp\/v2\/posts\/1303\/revisions\/1304"}],"wp:attachment":[{"href":"https:\/\/mernokvagyok.hu\/kozlekedesi\/wp-json\/wp\/v2\/media?parent=1303"}],"wp:term":[{"taxonomy":"category","embeddable":true,"href":"https:\/\/mernokvagyok.hu\/kozlekedesi\/wp-json\/wp\/v2\/categories?post=1303"},{"taxonomy":"post_tag","embeddable":true,"href":"https:\/\/mernokvagyok.hu\/kozlekedesi\/wp-json\/wp\/v2\/tags?post=1303"}],"curies":[{"name":"wp","href":"https:\/\/api.w.org\/{rel}","templated":true}]}}