{"id":441,"date":"2021-03-11T21:08:36","date_gmt":"2021-03-11T21:08:36","guid":{"rendered":"https:\/\/mernokvagyok.hu\/epitesi\/?p=441"},"modified":"2021-03-11T21:08:36","modified_gmt":"2021-03-11T21:08:36","slug":"szakmai-rendezvenyek-kepzesek-tudasmegosztas","status":"publish","type":"post","link":"https:\/\/mernokvagyok.hu\/epitesi\/2021\/03\/11\/szakmai-rendezvenyek-kepzesek-tudasmegosztas\/","title":{"rendered":"SZAKMAI RENDEZV\u00c9NYEK, K\u00c9PZ\u00c9SEK, TUD\u00c1SMEGOSZT\u00c1S"},"content":{"rendered":"<p style=\"text-align: justify\">AZ \u00c9MI a hazai \u00e9p\u00edt\u00e9s\u00fcgyi szakma sz\u00e9les spektrum\u00e1t \u00e1tfog\u00f3 tud\u00e1st\u0151k\u00e9vel \u00e9s a min\u0151s\u00e9g-ellen\u0151rz\u00e9si tev\u00e9kenys\u00e9g sor\u00e1n felhalmozott egyed\u00fcl\u00e1ll\u00f3 tapasztalattal rendelkezik. Ezt a t\u0151k\u00e9t szakmai kompetencia-fejleszt\u00e9sben, illetve f\u0151k\u00e9nt szakmai rendezv\u00e9nyek sor\u00e1n kamatoztatja. <br \/>A magyarorsz\u00e1gi \u00e9p\u00edt\u0151ipari szakmai szervezetekkel, a fels\u0151oktat\u00e1si kutat\u00f3k\u00f6zpontokkal, szakk\u00e9pz\u0151 centrumokkal \u00e9s a relev\u00e1ns nemzetk\u00f6zi szervezetekkel egy\u00fcttm\u0171k\u00f6dve k\u00f6z\u00f6s projektek keret\u00e9ben biztos\u00edtja a tud\u00e1smegoszt\u00e1st nagy tapasztalattal \u00e9s hozz\u00e1\u00e9rt\u00e9ssel rendelkez\u0151 munkat\u00e1rsai \u00e1ltal.<br \/>K\u00e9pz\u00e9si szolg\u00e1ltat\u00e1saival v\u00e1laszt ad a szektor-specifikus hum\u00e1n er\u0151forr\u00e1s fejleszt\u00e9si ig\u00e9nyekre. Mindezeken t\u00fal szakmai konferenci\u00e1kat szervez \u00e9p\u00edt\u00e9s\u00fcgyi szakemberek r\u00e9sz\u00e9re, illetve lakoss\u00e1gi t\u00e1j\u00e9koztat\u00f3 port\u00e1lon foglalja \u00f6ssze a l\u00e9nyeges tudnival\u00f3kat csal\u00e1di h\u00e1zas \u00e9p\u00edtkez\u00e9sekhez.<\/p>\n\n\n<figure class=\"wp-block-image size-large\"><img loading=\"lazy\" decoding=\"async\" width=\"1537\" height=\"864\" src=\"https:\/\/mernokvagyok.hu\/epitesi\/wp-content\/uploads\/2021\/03\/\u00e9te4.jpg\" alt=\"\" class=\"wp-image-442\" \/><figcaption>3. \u00e1bra: Szakmai el\u0151ad\u00e1s a Construma ki\u00e1ll\u00edt\u00e1son<\/figcaption><\/figure>\n\n\n","protected":false},"excerpt":{"rendered":"<p>AZ \u00c9MI a hazai \u00e9p\u00edt\u00e9s\u00fcgyi szakma sz\u00e9les spektrum\u00e1t \u00e1tfog\u00f3 tud\u00e1st\u0151k\u00e9vel \u00e9s a min\u0151s\u00e9g-ellen\u0151rz\u00e9si tev\u00e9kenys\u00e9g sor\u00e1n felhalmozott egyed\u00fcl\u00e1ll\u00f3 tapasztalattal rendelkezik. Ezt a t\u0151k\u00e9t szakmai kompetencia-fejleszt\u00e9sben, illetve f\u0151k\u00e9nt szakmai rendezv\u00e9nyek sor\u00e1n kamatoztatja. A magyarorsz\u00e1gi \u00e9p\u00edt\u0151ipari szakmai szervezetekkel, a fels\u0151oktat\u00e1si kutat\u00f3k\u00f6zpontokkal, szakk\u00e9pz\u0151 centrumokkal \u00e9s a relev\u00e1ns nemzetk\u00f6zi szervezetekkel egy\u00fcttm\u0171k\u00f6dve k\u00f6z\u00f6s projektek keret\u00e9ben biztos\u00edtja a tud\u00e1smegoszt\u00e1st nagy tapasztalattal \u00e9s [&hellip;]<\/p>\n","protected":false},"author":871,"featured_media":0,"comment_status":"closed","ping_status":"closed","sticky":false,"template":"","format":"standard","meta":{"footnotes":""},"categories":[1],"tags":[],"class_list":["post-441","post","type-post","status-publish","format-standard","hentry","category-egyeb"],"_links":{"self":[{"href":"https:\/\/mernokvagyok.hu\/epitesi\/wp-json\/wp\/v2\/posts\/441","targetHints":{"allow":["GET"]}}],"collection":[{"href":"https:\/\/mernokvagyok.hu\/epitesi\/wp-json\/wp\/v2\/posts"}],"about":[{"href":"https:\/\/mernokvagyok.hu\/epitesi\/wp-json\/wp\/v2\/types\/post"}],"author":[{"embeddable":true,"href":"https:\/\/mernokvagyok.hu\/epitesi\/wp-json\/wp\/v2\/users\/871"}],"replies":[{"embeddable":true,"href":"https:\/\/mernokvagyok.hu\/epitesi\/wp-json\/wp\/v2\/comments?post=441"}],"version-history":[{"count":1,"href":"https:\/\/mernokvagyok.hu\/epitesi\/wp-json\/wp\/v2\/posts\/441\/revisions"}],"predecessor-version":[{"id":443,"href":"https:\/\/mernokvagyok.hu\/epitesi\/wp-json\/wp\/v2\/posts\/441\/revisions\/443"}],"wp:attachment":[{"href":"https:\/\/mernokvagyok.hu\/epitesi\/wp-json\/wp\/v2\/media?parent=441"}],"wp:term":[{"taxonomy":"category","embeddable":true,"href":"https:\/\/mernokvagyok.hu\/epitesi\/wp-json\/wp\/v2\/categories?post=441"},{"taxonomy":"post_tag","embeddable":true,"href":"https:\/\/mernokvagyok.hu\/epitesi\/wp-json\/wp\/v2\/tags?post=441"}],"curies":[{"name":"wp","href":"https:\/\/api.w.org\/{rel}","templated":true}]}}