{"id":2746,"date":"2025-05-14T06:10:33","date_gmt":"2025-05-14T06:10:33","guid":{"rendered":"https:\/\/mernokvagyok.hu\/epitesi\/?p=2746"},"modified":"2025-05-14T06:10:33","modified_gmt":"2025-05-14T06:10:33","slug":"iii-koltsegtervezoi-koltsegelemzoi-koltsegszakertoi-alumni","status":"publish","type":"post","link":"https:\/\/mernokvagyok.hu\/epitesi\/2025\/05\/14\/iii-koltsegtervezoi-koltsegelemzoi-koltsegszakertoi-alumni\/","title":{"rendered":"III. K\u00f6lts\u00e9gtervez\u0151i, k\u00f6lts\u00e9gelemz\u0151i, k\u00f6lts\u00e9gszak\u00e9rt\u0151i Alumni"},"content":{"rendered":"\n<p><strong>Tisztelt KKK Alumni tagok, tisztelt \u00c9rdekl\u0151d\u0151k, kedves Koll\u00e9g\u00e1k!<\/strong><\/p>\n\n\n\n<p><strong>Harmadik alkalommal ker\u00fcl megrendez\u00e9sre a K\u00f6lt\u00e9stervez\u0151i, k\u00f6lts\u00e9gelemz\u0151i, k\u00f6lts\u00e9gszak\u00e9rt\u0151i Alumni \u00f6sszej\u00f6vetele, amelyre ez\u00faton invit\u00e1ljuk \u00f6n\u00f6ket.<\/strong><\/p>\n\n\n\n<p><strong>D\u00e1tum: 2025. m\u00e1jus 26., h\u00e9tf\u0151<\/strong><\/p>\n\n\n\n<p><strong>Kezd\u00e9si id\u0151pont: 16:00<\/strong><\/p>\n\n\n\n<p><strong>Helysz\u00edn: 1118 Budapest, Buda\u00f6rsi \u00fat 125\/A (a Magyar M\u00e9rn\u00f6ki Kamara sz\u00e9kh\u00e1za, f\u00f6ldszinti konferenciaterem)<\/strong><\/p>\n\n\n\n<p><strong>A programr\u00f3l r\u00e9szletesen:<\/strong><\/p>\n\n\n\n<p><strong>Moln\u00e1r B\u00e9la a PORR Bau GmbH. senior cost controllere tart el\u0151ad\u00e1st a \u201cCost controlling a gyakorlatban\u201d c\u00edmmel. B\u00e9la jelenleg UK, \u00e1zsiai, ausztr\u00e1l, rom\u00e1n \u00e9s lengyel piacra, f\u0151leg vas\u00fati D&amp;E, elemgy\u00e1rt\u00e1si \u00e9s kivitelez\u00e9si projekteken dolgozik.<\/strong><\/p>\n\n\n\n<p><strong>Ezt k\u00f6vet\u0151en egy vezetett besz\u00e9lget\u00e9s tartunk a jelenl\u00e9v\u0151k \u00e9s az online bekapcsol\u00f3d\u00f3k r\u00e9szv\u00e9tel\u00e9vel.<\/strong><\/p>\n\n\n\n<p><strong>Az esem\u00e9nyre szem\u00e9lyesen \u00e9s online is becsatlakozhatnak. K\u00e9rj\u00fck, hogy a szervez\u0151k munk\u00e1j\u00e1nak seg\u00edt\u00e9se \u00e9rdek\u00e9ben regisztr\u00e1ljanak&nbsp;<a href=\"mailto:tagozatireferatura@mmk.hu\" target=\"_blank\" rel=\"noreferrer noopener\">tagozatireferatura@mmk.hu<\/a>&nbsp;e-mail c\u00edmre k\u00fcld\u00f6tt \u00fczenet\u00fckkel!<\/strong><\/p>\n\n\n\n<p><strong>Ahogy kor\u00e1bban is, az esem\u00e9nyt a Magyar M\u00e9rn\u00f6ki Kamara szervezi az \u00c9VOSZ (\u00c9p\u00edt\u00e9si V\u00e1llalkoz\u00f3k Orsz\u00e1gos Szaksz\u00f6vets\u00e9ge) \u00e9s az \u00c9MI (\u00c9p\u00edt\u00e9s\u00fcgyi Min\u0151s\u00e9gellen\u0151rz\u0151 Innov\u00e1ci\u00f3s NKft.), valamint BKIK (Budapesti Kereskedelmi \u00e9s Ipari Kamara, Ipari Tagozat, \u00c9p\u00edt\u0151ipari Oszt\u00e1lya) szakmai t\u00e1mogat\u00e1s\u00e1val.&nbsp;<\/strong><\/p>\n\n\n\n<p><strong>A mostani esem\u00e9ny a ny\u00e1risz\u00fcnet el\u0151tti utols\u00f3, minden \u00e9rdekl\u0151d\u0151t b\u00edztatunk, hogy regisztr\u00e1ljon.<\/strong><\/p>\n\n\n\n<p><strong>Szeretettel v\u00e1rjuk az \u00e9rdekl\u0151d\u0151ket!<\/strong><\/p>\n\n\n\n<p><strong>K\u00f6lts\u00e9gszak\u00e9rt\u0151i Alumni<\/strong><\/p>\n","protected":false},"excerpt":{"rendered":"<p>Tisztelt KKK Alumni tagok, tisztelt \u00c9rdekl\u0151d\u0151k, kedves Koll\u00e9g\u00e1k! Harmadik alkalommal ker\u00fcl megrendez\u00e9sre a K\u00f6lt\u00e9stervez\u0151i, k\u00f6lts\u00e9gelemz\u0151i, k\u00f6lts\u00e9gszak\u00e9rt\u0151i Alumni \u00f6sszej\u00f6vetele, amelyre ez\u00faton invit\u00e1ljuk \u00f6n\u00f6ket. D\u00e1tum: 2025. m\u00e1jus 26., h\u00e9tf\u0151 Kezd\u00e9si id\u0151pont: 16:00 Helysz\u00edn: 1118 Budapest, Buda\u00f6rsi \u00fat 125\/A (a Magyar M\u00e9rn\u00f6ki Kamara sz\u00e9kh\u00e1za, f\u00f6ldszinti konferenciaterem) A programr\u00f3l r\u00e9szletesen: Moln\u00e1r B\u00e9la a PORR Bau GmbH. senior cost controllere [&hellip;]<\/p>\n","protected":false},"author":871,"featured_media":0,"comment_status":"closed","ping_status":"closed","sticky":false,"template":"","format":"standard","meta":{"footnotes":""},"categories":[11],"tags":[],"class_list":["post-2746","post","type-post","status-publish","format-standard","hentry","category-hir"],"_links":{"self":[{"href":"https:\/\/mernokvagyok.hu\/epitesi\/wp-json\/wp\/v2\/posts\/2746","targetHints":{"allow":["GET"]}}],"collection":[{"href":"https:\/\/mernokvagyok.hu\/epitesi\/wp-json\/wp\/v2\/posts"}],"about":[{"href":"https:\/\/mernokvagyok.hu\/epitesi\/wp-json\/wp\/v2\/types\/post"}],"author":[{"embeddable":true,"href":"https:\/\/mernokvagyok.hu\/epitesi\/wp-json\/wp\/v2\/users\/871"}],"replies":[{"embeddable":true,"href":"https:\/\/mernokvagyok.hu\/epitesi\/wp-json\/wp\/v2\/comments?post=2746"}],"version-history":[{"count":1,"href":"https:\/\/mernokvagyok.hu\/epitesi\/wp-json\/wp\/v2\/posts\/2746\/revisions"}],"predecessor-version":[{"id":2747,"href":"https:\/\/mernokvagyok.hu\/epitesi\/wp-json\/wp\/v2\/posts\/2746\/revisions\/2747"}],"wp:attachment":[{"href":"https:\/\/mernokvagyok.hu\/epitesi\/wp-json\/wp\/v2\/media?parent=2746"}],"wp:term":[{"taxonomy":"category","embeddable":true,"href":"https:\/\/mernokvagyok.hu\/epitesi\/wp-json\/wp\/v2\/categories?post=2746"},{"taxonomy":"post_tag","embeddable":true,"href":"https:\/\/mernokvagyok.hu\/epitesi\/wp-json\/wp\/v2\/tags?post=2746"}],"curies":[{"name":"wp","href":"https:\/\/api.w.org\/{rel}","templated":true}]}}