{"id":2479,"date":"2025-01-21T12:02:19","date_gmt":"2025-01-21T12:02:19","guid":{"rendered":"https:\/\/mernokvagyok.hu\/epitesi\/?p=2479"},"modified":"2025-01-22T08:11:04","modified_gmt":"2025-01-22T08:11:04","slug":"jeloltallitasi-felhivas-a-magyar-mernoki-kamara-2025-evi-tisztujitasahoz","status":"publish","type":"post","link":"https:\/\/mernokvagyok.hu\/epitesi\/2025\/01\/21\/jeloltallitasi-felhivas-a-magyar-mernoki-kamara-2025-evi-tisztujitasahoz\/","title":{"rendered":"<strong>Jel\u00f6lt\u00e1ll\u00edt\u00e1si Felh\u00edv\u00e1s a Magyar M\u00e9rn\u00f6ki Kamara 2025. \u00e9vi Tiszt\u00faj\u00edt\u00e1s\u00e1hoz<\/strong>"},"content":{"rendered":"\n<p>Felh\u00edv\u00e1s a tagoknak: <a href=\"https:\/\/mernokvagyok.hu\/epitesi\/wp-content\/uploads\/2025\/01\/felhivas_a_tagoknak.pdf\" target=\"_blank\" rel=\"noreferrer noopener\">Link<\/a><\/p>\n\n\n\n<p>Jel\u00f6l\u0151lap MMK tiszts\u00e9gvisel\u0151kre: <a href=\"https:\/\/mernokvagyok.hu\/epitesi\/wp-content\/uploads\/2025\/01\/Jelololap-MMK-tisztsegviselokre.pdf\" target=\"_blank\" rel=\"noreferrer noopener\">Link<\/a><\/p>\n\n\n\n<p>R\u00f6vid bemutatkoz\u00e1s aj\u00e1nlott fejezetei: <a href=\"https:\/\/mernokvagyok.hu\/epitesi\/wp-content\/uploads\/2025\/01\/Rovid-bemutatkozas-ajanlott-fejezetei.pdf\" target=\"_blank\" rel=\"noreferrer noopener\">Link<\/a><\/p>\n\n\n\n<p>Nyilatkozat: <a href=\"https:\/\/mernokvagyok.hu\/epitesi\/wp-content\/uploads\/2025\/01\/NYILATKOZAT.pdf\" target=\"_blank\" rel=\"noreferrer noopener\">Link<\/a><\/p>\n\n\n\n<p>Jel\u00f6l\u0151lap Orsz\u00e1gos k\u00fcld\u00f6ttgy\u0171l\u00e9sbe &#8211; tagozati jel\u00f6lt: <a href=\"https:\/\/mernokvagyok.hu\/epitesi\/wp-content\/uploads\/2025\/01\/Jelololap-Orszagos-kuldottgyulesbe-tagozati-jelolt.pdf\" target=\"_blank\" rel=\"noreferrer noopener\">Link<\/a><\/p>\n\n\n\n<p>Jel\u00f6lt\u00e1ll\u00edt\u00e1si felh\u00edv\u00e1s 2025:<a href=\"https:\/\/mernokvagyok.hu\/epitesi\/wp-content\/uploads\/2025\/01\/Jeloltallitasi-felhivas-2025.pdf\" target=\"_blank\" rel=\"noreferrer noopener\"> Link<\/a><\/p>\n\n\n\n<p>Alapszab\u00e1ly kivonat: <a href=\"https:\/\/mernokvagyok.hu\/epitesi\/wp-content\/uploads\/2025\/01\/Alapszabaly-kivonat.pdf\" target=\"_blank\" rel=\"noreferrer noopener\">Link<\/a><\/p>\n","protected":false},"excerpt":{"rendered":"<p>Felh\u00edv\u00e1s a tagoknak: Link Jel\u00f6l\u0151lap MMK tiszts\u00e9gvisel\u0151kre: Link R\u00f6vid bemutatkoz\u00e1s aj\u00e1nlott fejezetei: Link Nyilatkozat: Link Jel\u00f6l\u0151lap Orsz\u00e1gos k\u00fcld\u00f6ttgy\u0171l\u00e9sbe &#8211; tagozati jel\u00f6lt: Link Jel\u00f6lt\u00e1ll\u00edt\u00e1si felh\u00edv\u00e1s 2025: Link Alapszab\u00e1ly kivonat: Link<\/p>\n","protected":false},"author":871,"featured_media":0,"comment_status":"closed","ping_status":"closed","sticky":false,"template":"","format":"standard","meta":{"footnotes":""},"categories":[11],"tags":[],"class_list":["post-2479","post","type-post","status-publish","format-standard","hentry","category-hir"],"_links":{"self":[{"href":"https:\/\/mernokvagyok.hu\/epitesi\/wp-json\/wp\/v2\/posts\/2479","targetHints":{"allow":["GET"]}}],"collection":[{"href":"https:\/\/mernokvagyok.hu\/epitesi\/wp-json\/wp\/v2\/posts"}],"about":[{"href":"https:\/\/mernokvagyok.hu\/epitesi\/wp-json\/wp\/v2\/types\/post"}],"author":[{"embeddable":true,"href":"https:\/\/mernokvagyok.hu\/epitesi\/wp-json\/wp\/v2\/users\/871"}],"replies":[{"embeddable":true,"href":"https:\/\/mernokvagyok.hu\/epitesi\/wp-json\/wp\/v2\/comments?post=2479"}],"version-history":[{"count":4,"href":"https:\/\/mernokvagyok.hu\/epitesi\/wp-json\/wp\/v2\/posts\/2479\/revisions"}],"predecessor-version":[{"id":2483,"href":"https:\/\/mernokvagyok.hu\/epitesi\/wp-json\/wp\/v2\/posts\/2479\/revisions\/2483"}],"wp:attachment":[{"href":"https:\/\/mernokvagyok.hu\/epitesi\/wp-json\/wp\/v2\/media?parent=2479"}],"wp:term":[{"taxonomy":"category","embeddable":true,"href":"https:\/\/mernokvagyok.hu\/epitesi\/wp-json\/wp\/v2\/categories?post=2479"},{"taxonomy":"post_tag","embeddable":true,"href":"https:\/\/mernokvagyok.hu\/epitesi\/wp-json\/wp\/v2\/tags?post=2479"}],"curies":[{"name":"wp","href":"https:\/\/api.w.org\/{rel}","templated":true}]}}